{"id":12171,"date":"2025-05-19T10:36:46","date_gmt":"2025-05-19T08:36:46","guid":{"rendered":"https:\/\/agora.xtec.cat\/ceipsab\/?p=12171"},"modified":"2025-05-19T10:36:46","modified_gmt":"2025-05-19T08:36:46","slug":"petjada-verda-2025","status":"publish","type":"post","link":"https:\/\/agora.xtec.cat\/ceipsab\/primaria\/cicle-mitja\/3r\/petjada-verda-2025\/","title":{"rendered":"Petjada Verda 2025"},"content":{"rendered":"<p>Durant aquestes primeres setmanes de maig, els alumnes de 3r, 4t, 5\u00e8 i 6\u00e8, van dur a terme la iniciativa <strong>Petjada Verda<\/strong>, relacionant l\u2018educaci\u00f3 f\u00edsica, el medi natural i l\u2019educaci\u00f3 en valors; vam sortir de l&#8217;escola per a conscienciar a l&#8217;alumnat i fer recollida d\u2019escombraries.<\/p>\n<p>L\u2019alumnat ha demostrat que est\u00e0 comprom\u00e8s amb la cura del medi ambient i hem deixat una mica m\u00e9s net, el nostre poble.<\/p>\n<p>Clicant la imatge ens podreu veure en acci\u00f3!<\/p>\n<p>&nbsp;<\/p>\n<p><a href=\"https:\/\/photos.app.goo.gl\/m99ToqTQdyW1gnCdA\"><img loading=\"lazy\" decoding=\"async\" class=\"alignnone size-full wp-image-12172\" src=\"https:\/\/agora.xtec.cat\/ceipsab\/wp-content\/uploads\/usu1011\/2025\/05\/LCUE_rectangular.jpg\" alt=\"\" width=\"956\" height=\"411\" srcset=\"https:\/\/agora.xtec.cat\/ceipsab\/wp-content\/uploads\/usu1011\/2025\/05\/LCUE_rectangular.jpg 956w, https:\/\/agora.xtec.cat\/ceipsab\/wp-content\/uploads\/usu1011\/2025\/05\/LCUE_rectangular-300x129.jpg 300w, https:\/\/agora.xtec.cat\/ceipsab\/wp-content\/uploads\/usu1011\/2025\/05\/LCUE_rectangular-768x330.jpg 768w\" sizes=\"auto, (max-width: 956px) 100vw, 956px\" \/><\/a><\/p>\n","protected":false},"excerpt":{"rendered":"<p>Durant aquestes primeres setmanes de maig, els alumnes de 3r, 4t, 5\u00e8 i 6\u00e8, van dur a terme la iniciativa Petjada Verda, relacionant l\u2018educaci\u00f3 f\u00edsica, el medi natural i l\u2019educaci\u00f3 en valors; vam sortir de l&#8217;escola per a conscienciar a l&#8217;alumnat i fer recollida d\u2019escombraries.<br \/>\nL\u2019alumnat&hellip;  <a href=\"https:\/\/agora.xtec.cat\/ceipsab\/primaria\/cicle-mitja\/3r\/petjada-verda-2025\/\" title=\"Read Petjada Verda 2025\">Llegeix m\u00e9s\u00bb<\/a><\/p>\n","protected":false},"author":1,"featured_media":12172,"comment_status":"open","ping_status":"closed","sticky":false,"template":"","format":"standard","meta":{"_bbp_topic_count":0,"_bbp_reply_count":0,"_bbp_total_topic_count":0,"_bbp_total_reply_count":0,"_bbp_voice_count":0,"_bbp_anonymous_reply_count":0,"_bbp_topic_count_hidden":0,"_bbp_reply_count_hidden":0,"_bbp_forum_subforum_count":0,"footnotes":""},"categories":[12,13,14,15,64,65,66],"tags":[],"class_list":["post-12171","post","type-post","status-publish","format-standard","has-post-thumbnail","hentry","category-3r","category-4t","category-5e","category-6e","category-cicle-mitja","category-cicle-superior","category-educacio-fisica"],"post_mailing_queue_ids":[],"_links":{"self":[{"href":"https:\/\/agora.xtec.cat\/ceipsab\/wp-json\/wp\/v2\/posts\/12171","targetHints":{"allow":["GET"]}}],"collection":[{"href":"https:\/\/agora.xtec.cat\/ceipsab\/wp-json\/wp\/v2\/posts"}],"about":[{"href":"https:\/\/agora.xtec.cat\/ceipsab\/wp-json\/wp\/v2\/types\/post"}],"author":[{"embeddable":true,"href":"https:\/\/agora.xtec.cat\/ceipsab\/wp-json\/wp\/v2\/users\/1"}],"replies":[{"embeddable":true,"href":"https:\/\/agora.xtec.cat\/ceipsab\/wp-json\/wp\/v2\/comments?post=12171"}],"version-history":[{"count":1,"href":"https:\/\/agora.xtec.cat\/ceipsab\/wp-json\/wp\/v2\/posts\/12171\/revisions"}],"predecessor-version":[{"id":12173,"href":"https:\/\/agora.xtec.cat\/ceipsab\/wp-json\/wp\/v2\/posts\/12171\/revisions\/12173"}],"wp:featuredmedia":[{"embeddable":true,"href":"https:\/\/agora.xtec.cat\/ceipsab\/wp-json\/wp\/v2\/media\/12172"}],"wp:attachment":[{"href":"https:\/\/agora.xtec.cat\/ceipsab\/wp-json\/wp\/v2\/media?parent=12171"}],"wp:term":[{"taxonomy":"category","embeddable":true,"href":"https:\/\/agora.xtec.cat\/ceipsab\/wp-json\/wp\/v2\/categories?post=12171"},{"taxonomy":"post_tag","embeddable":true,"href":"https:\/\/agora.xtec.cat\/ceipsab\/wp-json\/wp\/v2\/tags?post=12171"}],"curies":[{"name":"wp","href":"https:\/\/api.w.org\/{rel}","templated":true}]}}