{"id":12147,"date":"2025-04-24T09:34:26","date_gmt":"2025-04-24T07:34:26","guid":{"rendered":"https:\/\/agora.xtec.cat\/ceipsab\/?p=12147"},"modified":"2025-04-24T14:06:52","modified_gmt":"2025-04-24T12:06:52","slug":"sant-jordi-2025","status":"publish","type":"post","link":"https:\/\/agora.xtec.cat\/ceipsab\/portada\/sant-jordi-2025\/","title":{"rendered":"Sant Jordi 2025"},"content":{"rendered":"<p data-sourcepos=\"1:1-1:19\">Benvolgudes fam\u00edlies,<\/p>\n<p data-sourcepos=\"3:1-3:171\">Ahir vam celebrar a l&#8217;escola la diada de Sant Jordi, una jornada dedicada al llibre i a la rosa. Durant l&#8217;acte, es van lliurar els premis dels nostres concursos literaris.<\/p>\n<p data-sourcepos=\"5:1-5:216\">Volem felicitar els alumnes que han estat guardonats pel seu talent i dedicaci\u00f3, aix\u00ed com agrair la participaci\u00f3 de tots els nens i nenes. La seva creativitat ha quedat reflectida en els diversos treballs presentats.<\/p>\n<p><a href=\"https:\/\/photos.app.goo.gl\/MLJ8BFHkYpvW5WbE6\" target=\"_blank\" rel=\"noopener\"><br \/>\n<img loading=\"lazy\" decoding=\"async\" class=\"aligncenter wp-image-12148\" src=\"https:\/\/agora.xtec.cat\/ceipsab\/wp-content\/uploads\/usu1011\/2025\/04\/20250423_153908-min-scaled.jpg\" alt=\"\" width=\"789\" height=\"444\" srcset=\"https:\/\/agora.xtec.cat\/ceipsab\/wp-content\/uploads\/usu1011\/2025\/04\/20250423_153908-min-scaled.jpg 2560w, https:\/\/agora.xtec.cat\/ceipsab\/wp-content\/uploads\/usu1011\/2025\/04\/20250423_153908-min-300x169.jpg 300w, https:\/\/agora.xtec.cat\/ceipsab\/wp-content\/uploads\/usu1011\/2025\/04\/20250423_153908-min-1024x576.jpg 1024w, https:\/\/agora.xtec.cat\/ceipsab\/wp-content\/uploads\/usu1011\/2025\/04\/20250423_153908-min-768x432.jpg 768w, https:\/\/agora.xtec.cat\/ceipsab\/wp-content\/uploads\/usu1011\/2025\/04\/20250423_153908-min-1536x864.jpg 1536w, https:\/\/agora.xtec.cat\/ceipsab\/wp-content\/uploads\/usu1011\/2025\/04\/20250423_153908-min-2048x1153.jpg 2048w\" sizes=\"auto, (max-width: 789px) 100vw, 789px\" \/><\/a><\/p>\n","protected":false},"excerpt":{"rendered":"<p>Benvolgudes fam\u00edlies,<br \/>\nAhir vam celebrar a l&#8217;escola la diada de Sant Jordi, una jornada dedicada al llibre i a la rosa. Durant l&#8217;acte, es van lliurar els premis dels nostres concursos literaris.<br \/>\nVolem felicitar els alumnes que han estat guardonats pel seu talent i dedicaci\u00f3, aix\u00ed com&hellip;  <a href=\"https:\/\/agora.xtec.cat\/ceipsab\/portada\/sant-jordi-2025\/\" title=\"Read Sant Jordi 2025\">Llegeix m\u00e9s\u00bb<\/a><\/p>\n","protected":false},"author":3,"featured_media":12148,"comment_status":"open","ping_status":"closed","sticky":false,"template":"","format":"standard","meta":{"_bbp_topic_count":0,"_bbp_reply_count":0,"_bbp_total_topic_count":0,"_bbp_total_reply_count":0,"_bbp_voice_count":0,"_bbp_anonymous_reply_count":0,"_bbp_topic_count_hidden":0,"_bbp_reply_count_hidden":0,"_bbp_forum_subforum_count":0,"footnotes":""},"categories":[4],"tags":[89],"class_list":["post-12147","post","type-post","status-publish","format-standard","has-post-thumbnail","hentry","category-portada","tag-sant-jordi"],"post_mailing_queue_ids":[],"_links":{"self":[{"href":"https:\/\/agora.xtec.cat\/ceipsab\/wp-json\/wp\/v2\/posts\/12147","targetHints":{"allow":["GET"]}}],"collection":[{"href":"https:\/\/agora.xtec.cat\/ceipsab\/wp-json\/wp\/v2\/posts"}],"about":[{"href":"https:\/\/agora.xtec.cat\/ceipsab\/wp-json\/wp\/v2\/types\/post"}],"author":[{"embeddable":true,"href":"https:\/\/agora.xtec.cat\/ceipsab\/wp-json\/wp\/v2\/users\/3"}],"replies":[{"embeddable":true,"href":"https:\/\/agora.xtec.cat\/ceipsab\/wp-json\/wp\/v2\/comments?post=12147"}],"version-history":[{"count":1,"href":"https:\/\/agora.xtec.cat\/ceipsab\/wp-json\/wp\/v2\/posts\/12147\/revisions"}],"predecessor-version":[{"id":12149,"href":"https:\/\/agora.xtec.cat\/ceipsab\/wp-json\/wp\/v2\/posts\/12147\/revisions\/12149"}],"wp:featuredmedia":[{"embeddable":true,"href":"https:\/\/agora.xtec.cat\/ceipsab\/wp-json\/wp\/v2\/media\/12148"}],"wp:attachment":[{"href":"https:\/\/agora.xtec.cat\/ceipsab\/wp-json\/wp\/v2\/media?parent=12147"}],"wp:term":[{"taxonomy":"category","embeddable":true,"href":"https:\/\/agora.xtec.cat\/ceipsab\/wp-json\/wp\/v2\/categories?post=12147"},{"taxonomy":"post_tag","embeddable":true,"href":"https:\/\/agora.xtec.cat\/ceipsab\/wp-json\/wp\/v2\/tags?post=12147"}],"curies":[{"name":"wp","href":"https:\/\/api.w.org\/{rel}","templated":true}]}}