{"id":12093,"date":"2025-04-11T16:30:25","date_gmt":"2025-04-11T14:30:25","guid":{"rendered":"https:\/\/agora.xtec.cat\/ceipsab\/?p=12093"},"modified":"2025-04-10T22:55:14","modified_gmt":"2025-04-10T20:55:14","slug":"vella-quaresma-7","status":"publish","type":"post","link":"https:\/\/agora.xtec.cat\/ceipsab\/educacio-infantil\/p3\/vella-quaresma-7\/","title":{"rendered":"VELLA QUARESMA"},"content":{"rendered":"<p data-start=\"0\" data-end=\"19\">Estimades fam\u00edlies,<\/p>\n<p data-start=\"21\" data-end=\"331\">A l\u2019escola estem celebrant la tradici\u00f3 de la Vella Quaresma, una figura molt especial que ens ajuda a recordar la import\u00e0ncia de la paci\u00e8ncia i la reflexi\u00f3 durant aquest per\u00edode de l&#8217;any.<\/p>\n<p data-start=\"333\" data-end=\"492\">Us animem a veure les fotos que hem fet durant aquesta celebraci\u00f3, on podreu veure les cares de les vostres filles i fills gaudint d\u2019aquesta experi\u00e8ncia \u00fanica.<\/p>\n<p data-start=\"333\" data-end=\"492\"><a href=\"https:\/\/photos.app.goo.gl\/EquRCCCev3ZLpZ6bA\"><img loading=\"lazy\" decoding=\"async\" class=\"alignnone size-medium wp-image-12094\" src=\"https:\/\/agora.xtec.cat\/ceipsab\/wp-content\/uploads\/usu1011\/2025\/03\/VELLA-183x300.png\" alt=\"\" width=\"183\" height=\"300\" srcset=\"https:\/\/agora.xtec.cat\/ceipsab\/wp-content\/uploads\/usu1011\/2025\/03\/VELLA-183x300.png 183w, https:\/\/agora.xtec.cat\/ceipsab\/wp-content\/uploads\/usu1011\/2025\/03\/VELLA.png 406w\" sizes=\"auto, (max-width: 183px) 100vw, 183px\" \/><\/a><\/p>\n","protected":false},"excerpt":{"rendered":"<p>Estimades fam\u00edlies,<br \/>\nA l\u2019escola estem celebrant la tradici\u00f3 de la Vella Quaresma, una figura molt especial que ens ajuda a recordar la import\u00e0ncia de la paci\u00e8ncia i la reflexi\u00f3 durant aquest per\u00edode de l&#8217;any.<br \/>\nUs animem a veure les fotos que hem fet durant aquesta celebraci\u00f3, on&hellip;  <a href=\"https:\/\/agora.xtec.cat\/ceipsab\/educacio-infantil\/p3\/vella-quaresma-7\/\" title=\"Read VELLA QUARESMA\">Llegeix m\u00e9s\u00bb<\/a><\/p>\n","protected":false},"author":7,"featured_media":12094,"comment_status":"open","ping_status":"closed","sticky":false,"template":"","format":"standard","meta":{"_bbp_topic_count":0,"_bbp_reply_count":0,"_bbp_total_topic_count":0,"_bbp_total_reply_count":0,"_bbp_voice_count":0,"_bbp_anonymous_reply_count":0,"_bbp_topic_count_hidden":0,"_bbp_reply_count_hidden":0,"_bbp_forum_subforum_count":0,"footnotes":""},"categories":[62,3,8,9],"tags":[466,428,359,378,385,203,442],"class_list":["post-12093","post","type-post","status-publish","format-standard","has-post-thumbnail","hentry","category-educacio-infantil","category-p3","category-p4","category-p5","tag-comunitat-de-petits","tag-ei","tag-i3","tag-i4","tag-i5","tag-tradicions","tag-vellaquaresma"],"post_mailing_queue_ids":[],"_links":{"self":[{"href":"https:\/\/agora.xtec.cat\/ceipsab\/wp-json\/wp\/v2\/posts\/12093","targetHints":{"allow":["GET"]}}],"collection":[{"href":"https:\/\/agora.xtec.cat\/ceipsab\/wp-json\/wp\/v2\/posts"}],"about":[{"href":"https:\/\/agora.xtec.cat\/ceipsab\/wp-json\/wp\/v2\/types\/post"}],"author":[{"embeddable":true,"href":"https:\/\/agora.xtec.cat\/ceipsab\/wp-json\/wp\/v2\/users\/7"}],"replies":[{"embeddable":true,"href":"https:\/\/agora.xtec.cat\/ceipsab\/wp-json\/wp\/v2\/comments?post=12093"}],"version-history":[{"count":2,"href":"https:\/\/agora.xtec.cat\/ceipsab\/wp-json\/wp\/v2\/posts\/12093\/revisions"}],"predecessor-version":[{"id":12133,"href":"https:\/\/agora.xtec.cat\/ceipsab\/wp-json\/wp\/v2\/posts\/12093\/revisions\/12133"}],"wp:featuredmedia":[{"embeddable":true,"href":"https:\/\/agora.xtec.cat\/ceipsab\/wp-json\/wp\/v2\/media\/12094"}],"wp:attachment":[{"href":"https:\/\/agora.xtec.cat\/ceipsab\/wp-json\/wp\/v2\/media?parent=12093"}],"wp:term":[{"taxonomy":"category","embeddable":true,"href":"https:\/\/agora.xtec.cat\/ceipsab\/wp-json\/wp\/v2\/categories?post=12093"},{"taxonomy":"post_tag","embeddable":true,"href":"https:\/\/agora.xtec.cat\/ceipsab\/wp-json\/wp\/v2\/tags?post=12093"}],"curies":[{"name":"wp","href":"https:\/\/api.w.org\/{rel}","templated":true}]}}