{"id":12088,"date":"2025-04-11T09:10:33","date_gmt":"2025-04-11T07:10:33","guid":{"rendered":"https:\/\/agora.xtec.cat\/ceipsab\/?p=12088"},"modified":"2025-04-10T22:51:06","modified_gmt":"2025-04-10T20:51:06","slug":"fem-ambients-2","status":"publish","type":"post","link":"https:\/\/agora.xtec.cat\/ceipsab\/educacio-infantil\/p3\/fem-ambients-2\/","title":{"rendered":"FEM AMBIENTS"},"content":{"rendered":"<p data-start=\"0\" data-end=\"21\">Benvolgudes fam\u00edlies,<\/p>\n<p data-start=\"23\" data-end=\"310\">Volem compartir amb vosaltres les fotos dels ambients que hem creat a l&#8217;escola. Cada espai est\u00e0 pensat per afavorir l&#8217;aprenentatge i la descoberta de manera divertida i educativa. <span style=\"font-family: inherit; font-size: 1em;\">\u00c9s una activitat que fem conjuntament tots els infants (I3, I4, I5) durant dues tardes a la setmana. Cada sessi\u00f3, podem escollir l&#8217;ambient (minimons, mans manetes, construccions, caseta, som artistes i ci\u00e8ncies) que ens agradi, i juntament amb els nostres companys\/es, aprenem i descobrim moltes coses de manera aut\u00f2noma.<\/span><span style=\"font-family: inherit; font-size: 1em;\"> Us animem a mirar les imatges i descobrir com els infants gaudeixen d&#8217;aquests espais tan especials.<\/span><\/p>\n<p data-start=\"312\" data-end=\"347\">Cliqueu a les fotos per veure-les!<\/p>\n<p data-start=\"312\" data-end=\"347\"><a href=\"https:\/\/photos.app.goo.gl\/geh4S1gqXQCTntbCA\"><img loading=\"lazy\" decoding=\"async\" class=\"alignnone size-medium wp-image-12090\" src=\"https:\/\/agora.xtec.cat\/ceipsab\/wp-content\/uploads\/usu1011\/2025\/03\/ambients-300x201.png\" alt=\"\" width=\"300\" height=\"201\" srcset=\"https:\/\/agora.xtec.cat\/ceipsab\/wp-content\/uploads\/usu1011\/2025\/03\/ambients-300x201.png 300w, https:\/\/agora.xtec.cat\/ceipsab\/wp-content\/uploads\/usu1011\/2025\/03\/ambients-768x515.png 768w, https:\/\/agora.xtec.cat\/ceipsab\/wp-content\/uploads\/usu1011\/2025\/03\/ambients.png 865w\" sizes=\"auto, (max-width: 300px) 100vw, 300px\" \/><\/a><\/p>\n","protected":false},"excerpt":{"rendered":"<p>Benvolgudes fam\u00edlies,<br \/>\nVolem compartir amb vosaltres les fotos dels ambients que hem creat a l&#8217;escola. Cada espai est\u00e0 pensat per afavorir l&#8217;aprenentatge i la descoberta de manera divertida i educativa. \u00c9s una activitat que fem conjuntament tots els infants (I3, I4, I5) durant dues tardes a&hellip;  <a href=\"https:\/\/agora.xtec.cat\/ceipsab\/educacio-infantil\/p3\/fem-ambients-2\/\" title=\"Read FEM AMBIENTS\">Llegeix m\u00e9s\u00bb<\/a><\/p>\n","protected":false},"author":7,"featured_media":12090,"comment_status":"open","ping_status":"closed","sticky":false,"template":"","format":"standard","meta":{"_bbp_topic_count":0,"_bbp_reply_count":0,"_bbp_total_topic_count":0,"_bbp_total_reply_count":0,"_bbp_voice_count":0,"_bbp_anonymous_reply_count":0,"_bbp_topic_count_hidden":0,"_bbp_reply_count_hidden":0,"_bbp_forum_subforum_count":0,"footnotes":""},"categories":[62,3,8,9],"tags":[465,359,378,385],"class_list":["post-12088","post","type-post","status-publish","format-standard","has-post-thumbnail","hentry","category-educacio-infantil","category-p3","category-p4","category-p5","tag-ambients","tag-i3","tag-i4","tag-i5"],"post_mailing_queue_ids":[],"_links":{"self":[{"href":"https:\/\/agora.xtec.cat\/ceipsab\/wp-json\/wp\/v2\/posts\/12088","targetHints":{"allow":["GET"]}}],"collection":[{"href":"https:\/\/agora.xtec.cat\/ceipsab\/wp-json\/wp\/v2\/posts"}],"about":[{"href":"https:\/\/agora.xtec.cat\/ceipsab\/wp-json\/wp\/v2\/types\/post"}],"author":[{"embeddable":true,"href":"https:\/\/agora.xtec.cat\/ceipsab\/wp-json\/wp\/v2\/users\/7"}],"replies":[{"embeddable":true,"href":"https:\/\/agora.xtec.cat\/ceipsab\/wp-json\/wp\/v2\/comments?post=12088"}],"version-history":[{"count":3,"href":"https:\/\/agora.xtec.cat\/ceipsab\/wp-json\/wp\/v2\/posts\/12088\/revisions"}],"predecessor-version":[{"id":12092,"href":"https:\/\/agora.xtec.cat\/ceipsab\/wp-json\/wp\/v2\/posts\/12088\/revisions\/12092"}],"wp:featuredmedia":[{"embeddable":true,"href":"https:\/\/agora.xtec.cat\/ceipsab\/wp-json\/wp\/v2\/media\/12090"}],"wp:attachment":[{"href":"https:\/\/agora.xtec.cat\/ceipsab\/wp-json\/wp\/v2\/media?parent=12088"}],"wp:term":[{"taxonomy":"category","embeddable":true,"href":"https:\/\/agora.xtec.cat\/ceipsab\/wp-json\/wp\/v2\/categories?post=12088"},{"taxonomy":"post_tag","embeddable":true,"href":"https:\/\/agora.xtec.cat\/ceipsab\/wp-json\/wp\/v2\/tags?post=12088"}],"curies":[{"name":"wp","href":"https:\/\/api.w.org\/{rel}","templated":true}]}}