{"id":12060,"date":"2025-02-24T08:49:54","date_gmt":"2025-02-24T07:49:54","guid":{"rendered":"https:\/\/agora.xtec.cat\/ceipsab\/?p=12060"},"modified":"2025-02-24T08:49:54","modified_gmt":"2025-02-24T07:49:54","slug":"comunitat-petits-tallers-amb-families","status":"publish","type":"post","link":"https:\/\/agora.xtec.cat\/ceipsab\/portada\/comunitat-petits-tallers-amb-families\/","title":{"rendered":"Comunitat Petits: Tallers amb fam\u00edlies."},"content":{"rendered":"<p data-sourcepos=\"1:1-1:37\">Benvolgudes fam\u00edlies,<\/p>\n<p data-sourcepos=\"3:1-3:286\">Des de la comunitat dels petits, volem expressar el nostre m\u00e9s sincer agra\u00efment per la vostra valuosa col\u00b7laboraci\u00f3 en els tallers de Carnaval que hem organitzat per als nostres alumnes. La vostra implicaci\u00f3 i dedicaci\u00f3 han estat fonamentals per fer d&#8217;aquesta celebraci\u00f3 un \u00e8xit rotund.<\/p>\n<p data-sourcepos=\"3:1-3:286\">Aqu\u00ed teniu una mostra de com va anar els tallers.<a href=\"https:\/\/photos.app.goo.gl\/faNKUu1hueqpA8JY6\"><img loading=\"lazy\" decoding=\"async\" class=\"aligncenter wp-image-12061\" src=\"https:\/\/agora.xtec.cat\/ceipsab\/wp-content\/uploads\/usu1011\/2025\/02\/image00022-1.jpeg\" alt=\"\" width=\"757\" height=\"568\" srcset=\"https:\/\/agora.xtec.cat\/ceipsab\/wp-content\/uploads\/usu1011\/2025\/02\/image00022-1.jpeg 1008w, https:\/\/agora.xtec.cat\/ceipsab\/wp-content\/uploads\/usu1011\/2025\/02\/image00022-1-300x225.jpeg 300w, https:\/\/agora.xtec.cat\/ceipsab\/wp-content\/uploads\/usu1011\/2025\/02\/image00022-1-768x576.jpeg 768w, https:\/\/agora.xtec.cat\/ceipsab\/wp-content\/uploads\/usu1011\/2025\/02\/image00022-1-200x150.jpeg 200w\" sizes=\"auto, (max-width: 757px) 100vw, 757px\" \/><\/a><\/p>\n","protected":false},"excerpt":{"rendered":"<p>Benvolgudes fam\u00edlies,<br \/>\nDes de la comunitat dels petits, volem expressar el nostre m\u00e9s sincer agra\u00efment per la vostra valuosa col\u00b7laboraci\u00f3 en els tallers de Carnaval que hem organitzat per als nostres alumnes. La vostra implicaci\u00f3 i dedicaci\u00f3 han estat fonamentals per fer d&#8217;aquesta celebraci\u00f3 un \u00e8xit&hellip;  <a href=\"https:\/\/agora.xtec.cat\/ceipsab\/portada\/comunitat-petits-tallers-amb-families\/\" title=\"Read Comunitat Petits: Tallers amb fam\u00edlies.\">Llegeix m\u00e9s\u00bb<\/a><\/p>\n","protected":false},"author":3,"featured_media":12061,"comment_status":"open","ping_status":"closed","sticky":false,"template":"","format":"standard","meta":{"_bbp_topic_count":0,"_bbp_reply_count":0,"_bbp_total_topic_count":0,"_bbp_total_reply_count":0,"_bbp_voice_count":0,"_bbp_anonymous_reply_count":0,"_bbp_topic_count_hidden":0,"_bbp_reply_count_hidden":0,"_bbp_forum_subforum_count":0,"footnotes":""},"categories":[62,4],"tags":[409],"class_list":["post-12060","post","type-post","status-publish","format-standard","has-post-thumbnail","hentry","category-educacio-infantil","category-portada","tag-tallers-families"],"post_mailing_queue_ids":[],"_links":{"self":[{"href":"https:\/\/agora.xtec.cat\/ceipsab\/wp-json\/wp\/v2\/posts\/12060","targetHints":{"allow":["GET"]}}],"collection":[{"href":"https:\/\/agora.xtec.cat\/ceipsab\/wp-json\/wp\/v2\/posts"}],"about":[{"href":"https:\/\/agora.xtec.cat\/ceipsab\/wp-json\/wp\/v2\/types\/post"}],"author":[{"embeddable":true,"href":"https:\/\/agora.xtec.cat\/ceipsab\/wp-json\/wp\/v2\/users\/3"}],"replies":[{"embeddable":true,"href":"https:\/\/agora.xtec.cat\/ceipsab\/wp-json\/wp\/v2\/comments?post=12060"}],"version-history":[{"count":2,"href":"https:\/\/agora.xtec.cat\/ceipsab\/wp-json\/wp\/v2\/posts\/12060\/revisions"}],"predecessor-version":[{"id":12063,"href":"https:\/\/agora.xtec.cat\/ceipsab\/wp-json\/wp\/v2\/posts\/12060\/revisions\/12063"}],"wp:featuredmedia":[{"embeddable":true,"href":"https:\/\/agora.xtec.cat\/ceipsab\/wp-json\/wp\/v2\/media\/12061"}],"wp:attachment":[{"href":"https:\/\/agora.xtec.cat\/ceipsab\/wp-json\/wp\/v2\/media?parent=12060"}],"wp:term":[{"taxonomy":"category","embeddable":true,"href":"https:\/\/agora.xtec.cat\/ceipsab\/wp-json\/wp\/v2\/categories?post=12060"},{"taxonomy":"post_tag","embeddable":true,"href":"https:\/\/agora.xtec.cat\/ceipsab\/wp-json\/wp\/v2\/tags?post=12060"}],"curies":[{"name":"wp","href":"https:\/\/api.w.org\/{rel}","templated":true}]}}