{"id":11943,"date":"2024-11-11T14:04:14","date_gmt":"2024-11-11T13:04:14","guid":{"rendered":"https:\/\/agora.xtec.cat\/ceipsab\/?p=11943"},"modified":"2024-11-11T14:04:14","modified_gmt":"2024-11-11T13:04:14","slug":"castanyada-halloween-2024","status":"publish","type":"post","link":"https:\/\/agora.xtec.cat\/ceipsab\/portada\/castanyada-halloween-2024\/","title":{"rendered":"CASTANYADA\/HALLOWEEN 2024"},"content":{"rendered":"<p>Benvolgudes fam\u00edlies,<\/p>\n<p>!La Castanyada i Halloween van ser una passada!<\/p>\n<p>Molt\u00edssimes gr\u00e0cies a l&#8217;AFA per portar-nos a la castanyera i al castanyer carregats de castanyes i pel t\u00fanel del terror m\u00e9s terror\u00edfic i divertit que hem viscut! Ens ho passem genial!<\/p>\n<p>Cliqueu a la foto per veure una mostra d&#8217;aquell dia<\/p>\n<p><a href=\"https:\/\/photos.app.goo.gl\/7R5htgokitqEY1so9\"><img loading=\"lazy\" decoding=\"async\" class=\"aligncenter wp-image-11945\" src=\"https:\/\/agora.xtec.cat\/ceipsab\/wp-content\/uploads\/usu1011\/2024\/11\/image00026-min-scaled.jpeg\" alt=\"\" width=\"461\" height=\"346\" srcset=\"https:\/\/agora.xtec.cat\/ceipsab\/wp-content\/uploads\/usu1011\/2024\/11\/image00026-min-scaled.jpeg 2560w, https:\/\/agora.xtec.cat\/ceipsab\/wp-content\/uploads\/usu1011\/2024\/11\/image00026-min-300x225.jpeg 300w, https:\/\/agora.xtec.cat\/ceipsab\/wp-content\/uploads\/usu1011\/2024\/11\/image00026-min-1024x768.jpeg 1024w, https:\/\/agora.xtec.cat\/ceipsab\/wp-content\/uploads\/usu1011\/2024\/11\/image00026-min-768x576.jpeg 768w, https:\/\/agora.xtec.cat\/ceipsab\/wp-content\/uploads\/usu1011\/2024\/11\/image00026-min-1536x1152.jpeg 1536w, https:\/\/agora.xtec.cat\/ceipsab\/wp-content\/uploads\/usu1011\/2024\/11\/image00026-min-2048x1536.jpeg 2048w, https:\/\/agora.xtec.cat\/ceipsab\/wp-content\/uploads\/usu1011\/2024\/11\/image00026-min-200x150.jpeg 200w\" sizes=\"auto, (max-width: 461px) 100vw, 461px\" \/><\/a><\/p>\n","protected":false},"excerpt":{"rendered":"<p>Benvolgudes fam\u00edlies,<br \/>\n!La Castanyada i Halloween van ser una passada!<br \/>\nMolt\u00edssimes gr\u00e0cies a l&#8217;AFA per portar-nos a la castanyera i al castanyer carregats de castanyes i pel t\u00fanel del terror m\u00e9s terror\u00edfic i divertit que hem viscut! Ens ho passem genial!<br \/>\nCliqueu a la foto per veure una&hellip;  <a href=\"https:\/\/agora.xtec.cat\/ceipsab\/portada\/castanyada-halloween-2024\/\" title=\"Read CASTANYADA\/HALLOWEEN 2024\">Llegeix m\u00e9s\u00bb<\/a><\/p>\n","protected":false},"author":3,"featured_media":11945,"comment_status":"open","ping_status":"closed","sticky":false,"template":"","format":"standard","meta":{"_bbp_topic_count":0,"_bbp_reply_count":0,"_bbp_total_topic_count":0,"_bbp_total_reply_count":0,"_bbp_voice_count":0,"_bbp_anonymous_reply_count":0,"_bbp_topic_count_hidden":0,"_bbp_reply_count_hidden":0,"_bbp_forum_subforum_count":0,"footnotes":""},"categories":[4],"tags":[90],"class_list":["post-11943","post","type-post","status-publish","format-standard","has-post-thumbnail","hentry","category-portada","tag-festes"],"post_mailing_queue_ids":[],"_links":{"self":[{"href":"https:\/\/agora.xtec.cat\/ceipsab\/wp-json\/wp\/v2\/posts\/11943","targetHints":{"allow":["GET"]}}],"collection":[{"href":"https:\/\/agora.xtec.cat\/ceipsab\/wp-json\/wp\/v2\/posts"}],"about":[{"href":"https:\/\/agora.xtec.cat\/ceipsab\/wp-json\/wp\/v2\/types\/post"}],"author":[{"embeddable":true,"href":"https:\/\/agora.xtec.cat\/ceipsab\/wp-json\/wp\/v2\/users\/3"}],"replies":[{"embeddable":true,"href":"https:\/\/agora.xtec.cat\/ceipsab\/wp-json\/wp\/v2\/comments?post=11943"}],"version-history":[{"count":2,"href":"https:\/\/agora.xtec.cat\/ceipsab\/wp-json\/wp\/v2\/posts\/11943\/revisions"}],"predecessor-version":[{"id":11946,"href":"https:\/\/agora.xtec.cat\/ceipsab\/wp-json\/wp\/v2\/posts\/11943\/revisions\/11946"}],"wp:featuredmedia":[{"embeddable":true,"href":"https:\/\/agora.xtec.cat\/ceipsab\/wp-json\/wp\/v2\/media\/11945"}],"wp:attachment":[{"href":"https:\/\/agora.xtec.cat\/ceipsab\/wp-json\/wp\/v2\/media?parent=11943"}],"wp:term":[{"taxonomy":"category","embeddable":true,"href":"https:\/\/agora.xtec.cat\/ceipsab\/wp-json\/wp\/v2\/categories?post=11943"},{"taxonomy":"post_tag","embeddable":true,"href":"https:\/\/agora.xtec.cat\/ceipsab\/wp-json\/wp\/v2\/tags?post=11943"}],"curies":[{"name":"wp","href":"https:\/\/api.w.org\/{rel}","templated":true}]}}