{"id":11902,"date":"2024-06-26T09:34:44","date_gmt":"2024-06-26T07:34:44","guid":{"rendered":"https:\/\/agora.xtec.cat\/ceipsab\/?p=11902"},"modified":"2024-06-26T09:34:44","modified_gmt":"2024-06-26T07:34:44","slug":"i4-ultim-dia-descola","status":"publish","type":"post","link":"https:\/\/agora.xtec.cat\/ceipsab\/educacio-infantil\/p4\/i4-ultim-dia-descola\/","title":{"rendered":"I4 \u00daLTIM DIA D&#8217;ESCOLA"},"content":{"rendered":"<p><span style=\"font-weight: 400\">L\u2019\u00faltim dia d\u2019escola ha estat ben divertit. <\/span><\/p>\n<p><span style=\"font-weight: 400\">Despr\u00e9s d\u2019acomiadar a les companyes i companys de 6\u00e8, hem fet un p\u00edcnic plegats. Aix\u00f2 ens encanta!! Esmorzem en rotllana totes dues classes juntes i \u00e9s molt especial. <\/span><\/p>\n<p><span style=\"font-weight: 400\">Despr\u00e9s del pati ens hem menjat un gelat ben refrescant. Era bon\u00edssim!! I aix\u00ed ens diem fins aviat, amb noves aventures, nous aprenentatges i noves aules. <\/span><\/p>\n<p><span style=\"font-weight: 400\">Bon estiu!!<\/span><\/p>\n<p><a href=\"https:\/\/photos.app.goo.gl\/TW1yRKkx4thbdeTN9\"><img loading=\"lazy\" decoding=\"async\" class=\"alignnone wp-image-11904\" src=\"https:\/\/agora.xtec.cat\/ceipsab\/wp-content\/uploads\/usu1011\/2024\/06\/COLE-1-1024x718.jpeg\" alt=\"\" width=\"285\" height=\"200\" srcset=\"https:\/\/agora.xtec.cat\/ceipsab\/wp-content\/uploads\/usu1011\/2024\/06\/COLE-1-1024x718.jpeg 1024w, https:\/\/agora.xtec.cat\/ceipsab\/wp-content\/uploads\/usu1011\/2024\/06\/COLE-1-300x210.jpeg 300w, https:\/\/agora.xtec.cat\/ceipsab\/wp-content\/uploads\/usu1011\/2024\/06\/COLE-1-768x538.jpeg 768w, https:\/\/agora.xtec.cat\/ceipsab\/wp-content\/uploads\/usu1011\/2024\/06\/COLE-1-1536x1077.jpeg 1536w, https:\/\/agora.xtec.cat\/ceipsab\/wp-content\/uploads\/usu1011\/2024\/06\/COLE-1-2048x1436.jpeg 2048w\" sizes=\"auto, (max-width: 285px) 100vw, 285px\" \/><\/a><\/p>\n","protected":false},"excerpt":{"rendered":"<p>L\u2019\u00faltim dia d\u2019escola ha estat ben divertit.<br \/>\nDespr\u00e9s d\u2019acomiadar a les companyes i companys de 6\u00e8, hem fet un p\u00edcnic plegats. Aix\u00f2 ens encanta!! Esmorzem en rotllana totes dues classes juntes i \u00e9s molt especial.<br \/>\nDespr\u00e9s del pati ens hem menjat un gelat ben refrescant.&hellip;  <a href=\"https:\/\/agora.xtec.cat\/ceipsab\/educacio-infantil\/p4\/i4-ultim-dia-descola\/\" title=\"Read I4 \u00daLTIM DIA D&#8217;ESCOLA\">Llegeix m\u00e9s\u00bb<\/a><\/p>\n","protected":false},"author":48,"featured_media":11904,"comment_status":"open","ping_status":"closed","sticky":false,"template":"","format":"standard","meta":{"_bbp_topic_count":0,"_bbp_reply_count":0,"_bbp_total_topic_count":0,"_bbp_total_reply_count":0,"_bbp_voice_count":0,"_bbp_anonymous_reply_count":0,"_bbp_topic_count_hidden":0,"_bbp_reply_count_hidden":0,"_bbp_forum_subforum_count":0,"footnotes":""},"categories":[62,8],"tags":[],"class_list":["post-11902","post","type-post","status-publish","format-standard","has-post-thumbnail","hentry","category-educacio-infantil","category-p4"],"post_mailing_queue_ids":[],"_links":{"self":[{"href":"https:\/\/agora.xtec.cat\/ceipsab\/wp-json\/wp\/v2\/posts\/11902","targetHints":{"allow":["GET"]}}],"collection":[{"href":"https:\/\/agora.xtec.cat\/ceipsab\/wp-json\/wp\/v2\/posts"}],"about":[{"href":"https:\/\/agora.xtec.cat\/ceipsab\/wp-json\/wp\/v2\/types\/post"}],"author":[{"embeddable":true,"href":"https:\/\/agora.xtec.cat\/ceipsab\/wp-json\/wp\/v2\/users\/48"}],"replies":[{"embeddable":true,"href":"https:\/\/agora.xtec.cat\/ceipsab\/wp-json\/wp\/v2\/comments?post=11902"}],"version-history":[{"count":1,"href":"https:\/\/agora.xtec.cat\/ceipsab\/wp-json\/wp\/v2\/posts\/11902\/revisions"}],"predecessor-version":[{"id":11905,"href":"https:\/\/agora.xtec.cat\/ceipsab\/wp-json\/wp\/v2\/posts\/11902\/revisions\/11905"}],"wp:featuredmedia":[{"embeddable":true,"href":"https:\/\/agora.xtec.cat\/ceipsab\/wp-json\/wp\/v2\/media\/11904"}],"wp:attachment":[{"href":"https:\/\/agora.xtec.cat\/ceipsab\/wp-json\/wp\/v2\/media?parent=11902"}],"wp:term":[{"taxonomy":"category","embeddable":true,"href":"https:\/\/agora.xtec.cat\/ceipsab\/wp-json\/wp\/v2\/categories?post=11902"},{"taxonomy":"post_tag","embeddable":true,"href":"https:\/\/agora.xtec.cat\/ceipsab\/wp-json\/wp\/v2\/tags?post=11902"}],"curies":[{"name":"wp","href":"https:\/\/api.w.org\/{rel}","templated":true}]}}