{"id":11888,"date":"2024-06-26T09:33:53","date_gmt":"2024-06-26T07:33:53","guid":{"rendered":"https:\/\/agora.xtec.cat\/ceipsab\/?p=11888"},"modified":"2024-06-26T09:33:53","modified_gmt":"2024-06-26T07:33:53","slug":"i4-carro-descriptura","status":"publish","type":"post","link":"https:\/\/agora.xtec.cat\/ceipsab\/educacio-infantil\/p4\/i4-carro-descriptura\/","title":{"rendered":"I4 CARRO D&#8217;ESCRIPTURA"},"content":{"rendered":"<p><span style=\"font-weight: 400\">Com ens agrada el carro d\u2019escriptura, ens permet escriure lliurement, sense por a equivocar-nos i aix\u00ed convertir-nos en unes bones escriptores i escriptors. Deixem lliure la nostra creativitat per escriure amb segells, bol\u00edgrafs, enganxines sobre la tem\u00e0tica de Sant Jordi\u2026 podem decorar el full com m\u00e9s ens agradi.\u00a0<\/span><\/p>\n<p><span style=\"font-weight: 400\">El proper curs continuarem fent aquesta activitat!!<\/span><\/p>\n<p><a href=\"https:\/\/photos.app.goo.gl\/ghtbTrR4FWMUz66E7\"><img loading=\"lazy\" decoding=\"async\" class=\"alignnone wp-image-11889\" src=\"https:\/\/agora.xtec.cat\/ceipsab\/wp-content\/uploads\/usu1011\/2024\/06\/CARRO-1024x868.jpg\" alt=\"\" width=\"219\" height=\"186\" srcset=\"https:\/\/agora.xtec.cat\/ceipsab\/wp-content\/uploads\/usu1011\/2024\/06\/CARRO-1024x868.jpg 1024w, https:\/\/agora.xtec.cat\/ceipsab\/wp-content\/uploads\/usu1011\/2024\/06\/CARRO-300x254.jpg 300w, https:\/\/agora.xtec.cat\/ceipsab\/wp-content\/uploads\/usu1011\/2024\/06\/CARRO-768x651.jpg 768w, https:\/\/agora.xtec.cat\/ceipsab\/wp-content\/uploads\/usu1011\/2024\/06\/CARRO-1536x1302.jpg 1536w, https:\/\/agora.xtec.cat\/ceipsab\/wp-content\/uploads\/usu1011\/2024\/06\/CARRO-2048x1735.jpg 2048w\" sizes=\"auto, (max-width: 219px) 100vw, 219px\" \/><\/a><\/p>\n","protected":false},"excerpt":{"rendered":"<p>Com ens agrada el carro d\u2019escriptura, ens permet escriure lliurement, sense por a equivocar-nos i aix\u00ed convertir-nos en unes bones escriptores i escriptors. Deixem lliure la nostra creativitat per escriure amb segells, bol\u00edgrafs, enganxines sobre la tem\u00e0tica de Sant Jordi\u2026 podem decorar el full com&hellip;  <a href=\"https:\/\/agora.xtec.cat\/ceipsab\/educacio-infantil\/p4\/i4-carro-descriptura\/\" title=\"Read I4 CARRO D&#8217;ESCRIPTURA\">Llegeix m\u00e9s\u00bb<\/a><\/p>\n","protected":false},"author":48,"featured_media":11889,"comment_status":"open","ping_status":"closed","sticky":false,"template":"","format":"standard","meta":{"_bbp_topic_count":0,"_bbp_reply_count":0,"_bbp_total_topic_count":0,"_bbp_total_reply_count":0,"_bbp_voice_count":0,"_bbp_anonymous_reply_count":0,"_bbp_topic_count_hidden":0,"_bbp_reply_count_hidden":0,"_bbp_forum_subforum_count":0,"footnotes":""},"categories":[62,8],"tags":[],"class_list":["post-11888","post","type-post","status-publish","format-standard","has-post-thumbnail","hentry","category-educacio-infantil","category-p4"],"post_mailing_queue_ids":[],"_links":{"self":[{"href":"https:\/\/agora.xtec.cat\/ceipsab\/wp-json\/wp\/v2\/posts\/11888","targetHints":{"allow":["GET"]}}],"collection":[{"href":"https:\/\/agora.xtec.cat\/ceipsab\/wp-json\/wp\/v2\/posts"}],"about":[{"href":"https:\/\/agora.xtec.cat\/ceipsab\/wp-json\/wp\/v2\/types\/post"}],"author":[{"embeddable":true,"href":"https:\/\/agora.xtec.cat\/ceipsab\/wp-json\/wp\/v2\/users\/48"}],"replies":[{"embeddable":true,"href":"https:\/\/agora.xtec.cat\/ceipsab\/wp-json\/wp\/v2\/comments?post=11888"}],"version-history":[{"count":1,"href":"https:\/\/agora.xtec.cat\/ceipsab\/wp-json\/wp\/v2\/posts\/11888\/revisions"}],"predecessor-version":[{"id":11890,"href":"https:\/\/agora.xtec.cat\/ceipsab\/wp-json\/wp\/v2\/posts\/11888\/revisions\/11890"}],"wp:featuredmedia":[{"embeddable":true,"href":"https:\/\/agora.xtec.cat\/ceipsab\/wp-json\/wp\/v2\/media\/11889"}],"wp:attachment":[{"href":"https:\/\/agora.xtec.cat\/ceipsab\/wp-json\/wp\/v2\/media?parent=11888"}],"wp:term":[{"taxonomy":"category","embeddable":true,"href":"https:\/\/agora.xtec.cat\/ceipsab\/wp-json\/wp\/v2\/categories?post=11888"},{"taxonomy":"post_tag","embeddable":true,"href":"https:\/\/agora.xtec.cat\/ceipsab\/wp-json\/wp\/v2\/tags?post=11888"}],"curies":[{"name":"wp","href":"https:\/\/api.w.org\/{rel}","templated":true}]}}