{"id":11806,"date":"2024-06-18T14:12:29","date_gmt":"2024-06-18T12:12:29","guid":{"rendered":"https:\/\/agora.xtec.cat\/ceipsab\/?p=11806"},"modified":"2024-06-18T14:12:29","modified_gmt":"2024-06-18T12:12:29","slug":"i3-protagonista-de-la-setmana","status":"publish","type":"post","link":"https:\/\/agora.xtec.cat\/ceipsab\/educacio-infantil\/p5\/general\/i3-protagonista-de-la-setmana\/","title":{"rendered":"I3 Protagonista de la setmana"},"content":{"rendered":"<p><a href=\"https:\/\/photos.app.goo.gl\/7RBuMzGj945Xv86z9\"><img loading=\"lazy\" decoding=\"async\" class=\"alignnone  wp-image-11807\" src=\"https:\/\/agora.xtec.cat\/ceipsab\/wp-content\/uploads\/usu1011\/2024\/06\/IMG_20240503_161403-1-1024x771.jpg\" alt=\"\" width=\"194\" height=\"146\" srcset=\"https:\/\/agora.xtec.cat\/ceipsab\/wp-content\/uploads\/usu1011\/2024\/06\/IMG_20240503_161403-1-1024x771.jpg 1024w, https:\/\/agora.xtec.cat\/ceipsab\/wp-content\/uploads\/usu1011\/2024\/06\/IMG_20240503_161403-1-300x226.jpg 300w, https:\/\/agora.xtec.cat\/ceipsab\/wp-content\/uploads\/usu1011\/2024\/06\/IMG_20240503_161403-1-768x578.jpg 768w, https:\/\/agora.xtec.cat\/ceipsab\/wp-content\/uploads\/usu1011\/2024\/06\/IMG_20240503_161403-1-1536x1157.jpg 1536w, https:\/\/agora.xtec.cat\/ceipsab\/wp-content\/uploads\/usu1011\/2024\/06\/IMG_20240503_161403-1-2048x1542.jpg 2048w, https:\/\/agora.xtec.cat\/ceipsab\/wp-content\/uploads\/usu1011\/2024\/06\/IMG_20240503_161403-1-200x150.jpg 200w\" sizes=\"auto, (max-width: 194px) 100vw, 194px\" \/><\/a><\/p>\n<p>Aquest trimestre hem\u00a0continuat\u00a0gaudint dels contes en fam\u00edlia.\u00a0Ens agrada\u00a0molt poder gaudir aquesta estona amb les nostres fam\u00edlies i tamb\u00e9, veure com els companys i les companyes s&#8217;ho passen d&#8217;all\u00f2\u00a0m\u00e9s b\u00e9, escoltant les aventures!<\/p>\n","protected":false},"excerpt":{"rendered":"<p><a href=\"https:\/\/photos.app.goo.gl\/7RBuMzGj945Xv86z9\"><\/a><br \/>\nAquest trimestre hem\u00a0continuat\u00a0gaudint dels contes en fam\u00edlia.\u00a0Ens agrada\u00a0molt poder gaudir aquesta estona amb les nostres fam\u00edlies i tamb\u00e9, veure com els companys i les companyes s&#8217;ho passen d&#8217;all\u00f2\u00a0m\u00e9s b\u00e9, escoltant les aventures!<\/p>\n","protected":false},"author":63,"featured_media":0,"comment_status":"open","ping_status":"closed","sticky":false,"template":"","format":"standard","meta":{"_bbp_topic_count":0,"_bbp_reply_count":0,"_bbp_total_topic_count":0,"_bbp_total_reply_count":0,"_bbp_voice_count":0,"_bbp_anonymous_reply_count":0,"_bbp_topic_count_hidden":0,"_bbp_reply_count_hidden":0,"_bbp_forum_subforum_count":0,"footnotes":""},"categories":[62,1,3],"tags":[],"class_list":["post-11806","post","type-post","status-publish","format-standard","hentry","category-educacio-infantil","category-general","category-p3"],"post_mailing_queue_ids":[],"_links":{"self":[{"href":"https:\/\/agora.xtec.cat\/ceipsab\/wp-json\/wp\/v2\/posts\/11806","targetHints":{"allow":["GET"]}}],"collection":[{"href":"https:\/\/agora.xtec.cat\/ceipsab\/wp-json\/wp\/v2\/posts"}],"about":[{"href":"https:\/\/agora.xtec.cat\/ceipsab\/wp-json\/wp\/v2\/types\/post"}],"author":[{"embeddable":true,"href":"https:\/\/agora.xtec.cat\/ceipsab\/wp-json\/wp\/v2\/users\/63"}],"replies":[{"embeddable":true,"href":"https:\/\/agora.xtec.cat\/ceipsab\/wp-json\/wp\/v2\/comments?post=11806"}],"version-history":[{"count":1,"href":"https:\/\/agora.xtec.cat\/ceipsab\/wp-json\/wp\/v2\/posts\/11806\/revisions"}],"predecessor-version":[{"id":11808,"href":"https:\/\/agora.xtec.cat\/ceipsab\/wp-json\/wp\/v2\/posts\/11806\/revisions\/11808"}],"wp:attachment":[{"href":"https:\/\/agora.xtec.cat\/ceipsab\/wp-json\/wp\/v2\/media?parent=11806"}],"wp:term":[{"taxonomy":"category","embeddable":true,"href":"https:\/\/agora.xtec.cat\/ceipsab\/wp-json\/wp\/v2\/categories?post=11806"},{"taxonomy":"post_tag","embeddable":true,"href":"https:\/\/agora.xtec.cat\/ceipsab\/wp-json\/wp\/v2\/tags?post=11806"}],"curies":[{"name":"wp","href":"https:\/\/api.w.org\/{rel}","templated":true}]}}