{"id":11754,"date":"2024-06-18T09:00:25","date_gmt":"2024-06-18T07:00:25","guid":{"rendered":"https:\/\/agora.xtec.cat\/ceipsab\/?p=11754"},"modified":"2024-06-17T21:41:53","modified_gmt":"2024-06-17T19:41:53","slug":"6e-gaudeix-de-lesport-adaptat","status":"publish","type":"post","link":"https:\/\/agora.xtec.cat\/ceipsab\/primaria\/6e-gaudeix-de-lesport-adaptat\/","title":{"rendered":"6\u00e8 gaudeix de l&#8217;esport adaptat!!"},"content":{"rendered":"<p>Benvolgudes fam\u00edlies,<\/p>\n<p>El passat divendres, 14 de juny, vam realitzar un taller d&#8217;esport adaptat.<\/p>\n<p>Vam practicar el b\u00e0squet en cadira de rodes i la boccia. A m\u00e9s, vam poder con\u00e8ixer a l&#8217;esportista d&#8217;elit Jordi Morales, el qual, ens va fer una xerrada sobre el m\u00f3n de l&#8217;esport adaptat.<\/p>\n<p>Agra\u00efm la col\u00b7laboraci\u00f3 de l&#8217;Associaci\u00f3 Esportiva\u00a0\u00a0ACTIVA T.<\/p>\n<p>Us deixem algunes imatges,<\/p>\n<p><a href=\"https:\/\/photos.app.goo.gl\/U2GNAKfCyF9TX3bt5\"><img loading=\"lazy\" decoding=\"async\" class=\"aligncenter wp-image-11755 size-full\" src=\"https:\/\/agora.xtec.cat\/ceipsab\/wp-content\/uploads\/usu1011\/2024\/06\/baixa.png\" alt=\"\" width=\"259\" height=\"195\" srcset=\"https:\/\/agora.xtec.cat\/ceipsab\/wp-content\/uploads\/usu1011\/2024\/06\/baixa.png 259w, https:\/\/agora.xtec.cat\/ceipsab\/wp-content\/uploads\/usu1011\/2024\/06\/baixa-200x150.png 200w\" sizes=\"auto, (max-width: 259px) 100vw, 259px\" \/><\/a><\/p>\n","protected":false},"excerpt":{"rendered":"<p>Benvolgudes fam\u00edlies,<br \/>\nEl passat divendres, 14 de juny, vam realitzar un taller d&#8217;esport adaptat.<br \/>\nVam practicar el b\u00e0squet en cadira de rodes i la boccia. A m\u00e9s, vam poder con\u00e8ixer a l&#8217;esportista d&#8217;elit Jordi Morales, el qual, ens va fer una xerrada sobre el m\u00f3n de l&#8217;esport&hellip;  <a href=\"https:\/\/agora.xtec.cat\/ceipsab\/primaria\/6e-gaudeix-de-lesport-adaptat\/\" title=\"Read 6\u00e8 gaudeix de l&#8217;esport adaptat!!\">Llegeix m\u00e9s\u00bb<\/a><\/p>\n","protected":false},"author":32,"featured_media":0,"comment_status":"open","ping_status":"closed","sticky":false,"template":"","format":"standard","meta":{"_bbp_topic_count":0,"_bbp_reply_count":0,"_bbp_total_topic_count":0,"_bbp_total_reply_count":0,"_bbp_voice_count":0,"_bbp_anonymous_reply_count":0,"_bbp_topic_count_hidden":0,"_bbp_reply_count_hidden":0,"_bbp_forum_subforum_count":0,"footnotes":""},"categories":[15,66,5],"tags":[],"class_list":["post-11754","post","type-post","status-publish","format-standard","hentry","category-6e","category-educacio-fisica","category-primaria"],"post_mailing_queue_ids":[],"_links":{"self":[{"href":"https:\/\/agora.xtec.cat\/ceipsab\/wp-json\/wp\/v2\/posts\/11754","targetHints":{"allow":["GET"]}}],"collection":[{"href":"https:\/\/agora.xtec.cat\/ceipsab\/wp-json\/wp\/v2\/posts"}],"about":[{"href":"https:\/\/agora.xtec.cat\/ceipsab\/wp-json\/wp\/v2\/types\/post"}],"author":[{"embeddable":true,"href":"https:\/\/agora.xtec.cat\/ceipsab\/wp-json\/wp\/v2\/users\/32"}],"replies":[{"embeddable":true,"href":"https:\/\/agora.xtec.cat\/ceipsab\/wp-json\/wp\/v2\/comments?post=11754"}],"version-history":[{"count":1,"href":"https:\/\/agora.xtec.cat\/ceipsab\/wp-json\/wp\/v2\/posts\/11754\/revisions"}],"predecessor-version":[{"id":11756,"href":"https:\/\/agora.xtec.cat\/ceipsab\/wp-json\/wp\/v2\/posts\/11754\/revisions\/11756"}],"wp:attachment":[{"href":"https:\/\/agora.xtec.cat\/ceipsab\/wp-json\/wp\/v2\/media?parent=11754"}],"wp:term":[{"taxonomy":"category","embeddable":true,"href":"https:\/\/agora.xtec.cat\/ceipsab\/wp-json\/wp\/v2\/categories?post=11754"},{"taxonomy":"post_tag","embeddable":true,"href":"https:\/\/agora.xtec.cat\/ceipsab\/wp-json\/wp\/v2\/tags?post=11754"}],"curies":[{"name":"wp","href":"https:\/\/api.w.org\/{rel}","templated":true}]}}