{"id":11696,"date":"2024-06-05T13:28:11","date_gmt":"2024-06-05T11:28:11","guid":{"rendered":"https:\/\/agora.xtec.cat\/ceipsab\/?p=11696"},"modified":"2024-06-05T13:28:11","modified_gmt":"2024-06-05T11:28:11","slug":"i3-anem-al-lab-0-6","status":"publish","type":"post","link":"https:\/\/agora.xtec.cat\/ceipsab\/educacio-infantil\/p3\/i3-anem-al-lab-0-6\/","title":{"rendered":"I3 Anem al LAB 0-6"},"content":{"rendered":"<p>&nbsp;<\/p>\n<p>Ahir els m\u00e9s petits de l&#8217;escola, vam poder gaudir de l&#8217;\u00faltima sortida del curs al\u00a0<span class=\"hiddenSpellError\">LAB<\/span>\u00a00-6.<br \/>\nEns ho vam passar d&#8217;all\u00f2 m\u00e9s b\u00e9, experimentant amb les diferents propostes que ens tenien preparades i vam fer aigua de colors amb futes i vegetals. ENS HO VAM PASSAR D&#8217;ALL\u00d2 M\u00c9S B\u00c9!!<br \/>\nDespr\u00e9s vam anar a dinar al parc de l&#8217;Agulla, on vam gaudir d&#8217;un dia espl\u00e8ndid!!<\/p>\n<p>&nbsp;<\/p>\n<p><a href=\"https:\/\/photos.app.goo.gl\/LKhpvDZeYqiubbr26\"><img loading=\"lazy\" decoding=\"async\" class=\"alignnone  wp-image-11697\" src=\"https:\/\/agora.xtec.cat\/ceipsab\/wp-content\/uploads\/usu1011\/2024\/06\/ok-1-1024x691.jpg\" alt=\"\" width=\"191\" height=\"129\" srcset=\"https:\/\/agora.xtec.cat\/ceipsab\/wp-content\/uploads\/usu1011\/2024\/06\/ok-1-1024x691.jpg 1024w, https:\/\/agora.xtec.cat\/ceipsab\/wp-content\/uploads\/usu1011\/2024\/06\/ok-1-300x202.jpg 300w, https:\/\/agora.xtec.cat\/ceipsab\/wp-content\/uploads\/usu1011\/2024\/06\/ok-1-768x518.jpg 768w, https:\/\/agora.xtec.cat\/ceipsab\/wp-content\/uploads\/usu1011\/2024\/06\/ok-1-1536x1036.jpg 1536w, https:\/\/agora.xtec.cat\/ceipsab\/wp-content\/uploads\/usu1011\/2024\/06\/ok-1-2048x1382.jpg 2048w\" sizes=\"auto, (max-width: 191px) 100vw, 191px\" \/><\/a><\/p>\n","protected":false},"excerpt":{"rendered":"<p>&nbsp;<br \/>\nAhir els m\u00e9s petits de l&#8217;escola, vam poder gaudir de l&#8217;\u00faltima sortida del curs al\u00a0LAB\u00a00-6.<br \/>\nEns ho vam passar d&#8217;all\u00f2 m\u00e9s b\u00e9, experimentant amb les diferents propostes que ens tenien preparades i vam fer aigua de colors amb futes i vegetals. ENS HO VAM PASSAR D&#8217;ALL\u00d2&hellip;  <a href=\"https:\/\/agora.xtec.cat\/ceipsab\/educacio-infantil\/p3\/i3-anem-al-lab-0-6\/\" title=\"Read I3 Anem al LAB 0-6\">Llegeix m\u00e9s\u00bb<\/a><\/p>\n","protected":false},"author":63,"featured_media":0,"comment_status":"open","ping_status":"closed","sticky":false,"template":"","format":"standard","meta":{"_bbp_topic_count":0,"_bbp_reply_count":0,"_bbp_total_topic_count":0,"_bbp_total_reply_count":0,"_bbp_voice_count":0,"_bbp_anonymous_reply_count":0,"_bbp_topic_count_hidden":0,"_bbp_reply_count_hidden":0,"_bbp_forum_subforum_count":0,"footnotes":""},"categories":[62,3],"tags":[],"class_list":["post-11696","post","type-post","status-publish","format-standard","hentry","category-educacio-infantil","category-p3"],"post_mailing_queue_ids":[],"_links":{"self":[{"href":"https:\/\/agora.xtec.cat\/ceipsab\/wp-json\/wp\/v2\/posts\/11696","targetHints":{"allow":["GET"]}}],"collection":[{"href":"https:\/\/agora.xtec.cat\/ceipsab\/wp-json\/wp\/v2\/posts"}],"about":[{"href":"https:\/\/agora.xtec.cat\/ceipsab\/wp-json\/wp\/v2\/types\/post"}],"author":[{"embeddable":true,"href":"https:\/\/agora.xtec.cat\/ceipsab\/wp-json\/wp\/v2\/users\/63"}],"replies":[{"embeddable":true,"href":"https:\/\/agora.xtec.cat\/ceipsab\/wp-json\/wp\/v2\/comments?post=11696"}],"version-history":[{"count":2,"href":"https:\/\/agora.xtec.cat\/ceipsab\/wp-json\/wp\/v2\/posts\/11696\/revisions"}],"predecessor-version":[{"id":11699,"href":"https:\/\/agora.xtec.cat\/ceipsab\/wp-json\/wp\/v2\/posts\/11696\/revisions\/11699"}],"wp:attachment":[{"href":"https:\/\/agora.xtec.cat\/ceipsab\/wp-json\/wp\/v2\/media?parent=11696"}],"wp:term":[{"taxonomy":"category","embeddable":true,"href":"https:\/\/agora.xtec.cat\/ceipsab\/wp-json\/wp\/v2\/categories?post=11696"},{"taxonomy":"post_tag","embeddable":true,"href":"https:\/\/agora.xtec.cat\/ceipsab\/wp-json\/wp\/v2\/tags?post=11696"}],"curies":[{"name":"wp","href":"https:\/\/api.w.org\/{rel}","templated":true}]}}