{"id":11649,"date":"2024-05-22T09:36:04","date_gmt":"2024-05-22T07:36:04","guid":{"rendered":"https:\/\/agora.xtec.cat\/ceipsab\/?p=11649"},"modified":"2024-05-22T09:36:04","modified_gmt":"2024-05-22T07:36:04","slug":"sortida-a-catalunya-en-miniatura-2","status":"publish","type":"post","link":"https:\/\/agora.xtec.cat\/ceipsab\/primaria\/sortida-a-catalunya-en-miniatura-2\/","title":{"rendered":"Sortida a Catalunya en Miniatura"},"content":{"rendered":"<p>Bon dia fam\u00edlies!<\/p>\n<p>Ahir dimarts <strong>21 de maig<\/strong> els infants de<strong> 3r<\/strong> vam anar a Torrelles de Llobregat a visitar <a href=\"https:\/\/photos.app.goo.gl\/HBMEwAtnNHBe4gUT9\">Catalunya en Miniatura<\/a>. All\u00e0, els nens i nenes van poder veure reflectit els coneixements en relaci\u00f3 amb les diferents comarques de Catalunya, tot veient els edificis m\u00e9s importants de cadascuna d&#8217;elles.<\/p>\n<p>En acabar, vam passar-ho d&#8217;all\u00f2 m\u00e9s b\u00e9 al Bosc animat!<\/p>\n<p>Salutacions fam\u00edlies!<\/p>\n<p>Tutores.<\/p>\n<p><a href=\"https:\/\/agora.xtec.cat\/ceipsab\/wp-content\/uploads\/usu1011\/2024\/05\/Captura.png\"><img loading=\"lazy\" decoding=\"async\" class=\"wp-image-11650 alignleft\" src=\"https:\/\/agora.xtec.cat\/ceipsab\/wp-content\/uploads\/usu1011\/2024\/05\/Captura.png\" alt=\"\" width=\"298\" height=\"398\" srcset=\"https:\/\/agora.xtec.cat\/ceipsab\/wp-content\/uploads\/usu1011\/2024\/05\/Captura.png 445w, https:\/\/agora.xtec.cat\/ceipsab\/wp-content\/uploads\/usu1011\/2024\/05\/Captura-225x300.png 225w\" sizes=\"auto, (max-width: 298px) 100vw, 298px\" \/><\/a><\/p>\n<p>&nbsp;<\/p>\n","protected":false},"excerpt":{"rendered":"<p>Bon dia fam\u00edlies!<br \/>\nAhir dimarts 21 de maig els infants de 3r vam anar a Torrelles de Llobregat a visitar <a href=\"https:\/\/photos.app.goo.gl\/HBMEwAtnNHBe4gUT9\">Catalunya en Miniatura<\/a>. All\u00e0, els nens i nenes van poder veure reflectit els coneixements en relaci\u00f3 amb les diferents comarques de Catalunya, tot veient els&hellip;  <a href=\"https:\/\/agora.xtec.cat\/ceipsab\/primaria\/sortida-a-catalunya-en-miniatura-2\/\" title=\"Read Sortida a Catalunya en Miniatura\">Llegeix m\u00e9s\u00bb<\/a><\/p>\n","protected":false},"author":1,"featured_media":0,"comment_status":"open","ping_status":"closed","sticky":false,"template":"","format":"standard","meta":{"_bbp_topic_count":0,"_bbp_reply_count":0,"_bbp_total_topic_count":0,"_bbp_total_reply_count":0,"_bbp_voice_count":0,"_bbp_anonymous_reply_count":0,"_bbp_topic_count_hidden":0,"_bbp_reply_count_hidden":0,"_bbp_forum_subforum_count":0,"footnotes":""},"categories":[12,64,5],"tags":[],"class_list":["post-11649","post","type-post","status-publish","format-standard","hentry","category-3r","category-cicle-mitja","category-primaria"],"post_mailing_queue_ids":[],"_links":{"self":[{"href":"https:\/\/agora.xtec.cat\/ceipsab\/wp-json\/wp\/v2\/posts\/11649","targetHints":{"allow":["GET"]}}],"collection":[{"href":"https:\/\/agora.xtec.cat\/ceipsab\/wp-json\/wp\/v2\/posts"}],"about":[{"href":"https:\/\/agora.xtec.cat\/ceipsab\/wp-json\/wp\/v2\/types\/post"}],"author":[{"embeddable":true,"href":"https:\/\/agora.xtec.cat\/ceipsab\/wp-json\/wp\/v2\/users\/1"}],"replies":[{"embeddable":true,"href":"https:\/\/agora.xtec.cat\/ceipsab\/wp-json\/wp\/v2\/comments?post=11649"}],"version-history":[{"count":1,"href":"https:\/\/agora.xtec.cat\/ceipsab\/wp-json\/wp\/v2\/posts\/11649\/revisions"}],"predecessor-version":[{"id":11651,"href":"https:\/\/agora.xtec.cat\/ceipsab\/wp-json\/wp\/v2\/posts\/11649\/revisions\/11651"}],"wp:attachment":[{"href":"https:\/\/agora.xtec.cat\/ceipsab\/wp-json\/wp\/v2\/media?parent=11649"}],"wp:term":[{"taxonomy":"category","embeddable":true,"href":"https:\/\/agora.xtec.cat\/ceipsab\/wp-json\/wp\/v2\/categories?post=11649"},{"taxonomy":"post_tag","embeddable":true,"href":"https:\/\/agora.xtec.cat\/ceipsab\/wp-json\/wp\/v2\/tags?post=11649"}],"curies":[{"name":"wp","href":"https:\/\/api.w.org\/{rel}","templated":true}]}}