{"id":11627,"date":"2024-05-10T18:33:33","date_gmt":"2024-05-10T16:33:33","guid":{"rendered":"https:\/\/agora.xtec.cat\/ceipsab\/?p=11627"},"modified":"2024-05-12T23:06:52","modified_gmt":"2024-05-12T21:06:52","slug":"tallers-families-primavera-2024","status":"publish","type":"post","link":"https:\/\/agora.xtec.cat\/ceipsab\/educacio-infantil\/p3\/tallers-families-primavera-2024\/","title":{"rendered":"TALLERS FAM\u00cdLIES PRIMAVERA 2024"},"content":{"rendered":"<p>Hola, fam\u00edlies!<\/p>\n<p>Aquesta setmana hem realitzat els tallers de primavera a Educaci\u00f3 infantil!<\/p>\n<p>Els esperem amb molta il\u00b7lusi\u00f3 perqu\u00e8 podem compartir temps i espai amb infants de totes les classes d&#8217;educaci\u00f3 infantil I3, I4 i I5 elaborant precioses manualitats.<\/p>\n<p>A m\u00e9s a m\u00e9s, ens encanta, perqu\u00e8 vosaltres, les fam\u00edlies, podeu venir a l&#8217;aula a ajudar-nos i passar una bona estona amb tots nosaltres! Gr\u00e0cies a les fam\u00edlies volunt\u00e0ries que han vingut a ajudar-nos aquests dies!<\/p>\n<p>Estem fets uns artistes! Ens voleu veure?<\/p>\n<p>&nbsp;<\/p>\n<p><a href=\"https:\/\/photos.app.goo.gl\/fDQ2hmtedz73DK2h7\"><img loading=\"lazy\" decoding=\"async\" class=\"alignnone size-medium wp-image-11628\" src=\"https:\/\/agora.xtec.cat\/ceipsab\/wp-content\/uploads\/usu1011\/2024\/05\/escola-300x152.jpg\" alt=\"\" width=\"300\" height=\"152\" srcset=\"https:\/\/agora.xtec.cat\/ceipsab\/wp-content\/uploads\/usu1011\/2024\/05\/escola-300x152.jpg 300w, https:\/\/agora.xtec.cat\/ceipsab\/wp-content\/uploads\/usu1011\/2024\/05\/escola-768x390.jpg 768w, https:\/\/agora.xtec.cat\/ceipsab\/wp-content\/uploads\/usu1011\/2024\/05\/escola.jpg 792w\" sizes=\"auto, (max-width: 300px) 100vw, 300px\" \/><\/a><\/p>\n","protected":false},"excerpt":{"rendered":"<p>Hola, fam\u00edlies!<br \/>\nAquesta setmana hem realitzat els tallers de primavera a Educaci\u00f3 infantil!<br \/>\nEls esperem amb molta il\u00b7lusi\u00f3 perqu\u00e8 podem compartir temps i espai amb infants de totes les classes d&#8217;educaci\u00f3 infantil I3, I4 i I5 elaborant precioses manualitats.<br \/>\nA m\u00e9s a m\u00e9s, ens encanta, perqu\u00e8 vosaltres, les&hellip;  <a href=\"https:\/\/agora.xtec.cat\/ceipsab\/educacio-infantil\/p3\/tallers-families-primavera-2024\/\" title=\"Read TALLERS FAM\u00cdLIES PRIMAVERA 2024\">Llegeix m\u00e9s\u00bb<\/a><\/p>\n","protected":false},"author":7,"featured_media":11628,"comment_status":"open","ping_status":"closed","sticky":false,"template":"","format":"standard","meta":{"_bbp_topic_count":0,"_bbp_reply_count":0,"_bbp_total_topic_count":0,"_bbp_total_reply_count":0,"_bbp_voice_count":0,"_bbp_anonymous_reply_count":0,"_bbp_topic_count_hidden":0,"_bbp_reply_count_hidden":0,"_bbp_forum_subforum_count":0,"footnotes":""},"categories":[62,3,8,9,4],"tags":[192,359,378,385,349,449,409],"class_list":["post-11627","post","type-post","status-publish","format-standard","has-post-thumbnail","hentry","category-educacio-infantil","category-p3","category-p4","category-p5","category-portada","tag-educacio-infantil","tag-i3","tag-i4","tag-i5","tag-manualitats","tag-primavera","tag-tallers-families"],"post_mailing_queue_ids":[],"_links":{"self":[{"href":"https:\/\/agora.xtec.cat\/ceipsab\/wp-json\/wp\/v2\/posts\/11627","targetHints":{"allow":["GET"]}}],"collection":[{"href":"https:\/\/agora.xtec.cat\/ceipsab\/wp-json\/wp\/v2\/posts"}],"about":[{"href":"https:\/\/agora.xtec.cat\/ceipsab\/wp-json\/wp\/v2\/types\/post"}],"author":[{"embeddable":true,"href":"https:\/\/agora.xtec.cat\/ceipsab\/wp-json\/wp\/v2\/users\/7"}],"replies":[{"embeddable":true,"href":"https:\/\/agora.xtec.cat\/ceipsab\/wp-json\/wp\/v2\/comments?post=11627"}],"version-history":[{"count":1,"href":"https:\/\/agora.xtec.cat\/ceipsab\/wp-json\/wp\/v2\/posts\/11627\/revisions"}],"predecessor-version":[{"id":11629,"href":"https:\/\/agora.xtec.cat\/ceipsab\/wp-json\/wp\/v2\/posts\/11627\/revisions\/11629"}],"wp:featuredmedia":[{"embeddable":true,"href":"https:\/\/agora.xtec.cat\/ceipsab\/wp-json\/wp\/v2\/media\/11628"}],"wp:attachment":[{"href":"https:\/\/agora.xtec.cat\/ceipsab\/wp-json\/wp\/v2\/media?parent=11627"}],"wp:term":[{"taxonomy":"category","embeddable":true,"href":"https:\/\/agora.xtec.cat\/ceipsab\/wp-json\/wp\/v2\/categories?post=11627"},{"taxonomy":"post_tag","embeddable":true,"href":"https:\/\/agora.xtec.cat\/ceipsab\/wp-json\/wp\/v2\/tags?post=11627"}],"curies":[{"name":"wp","href":"https:\/\/api.w.org\/{rel}","templated":true}]}}