{"id":11619,"date":"2024-05-06T08:11:48","date_gmt":"2024-05-06T06:11:48","guid":{"rendered":"https:\/\/agora.xtec.cat\/ceipsab\/?p=11619"},"modified":"2024-05-06T08:11:48","modified_gmt":"2024-05-06T06:11:48","slug":"i4-musica","status":"publish","type":"post","link":"https:\/\/agora.xtec.cat\/ceipsab\/educacio-infantil\/p4\/i4-musica\/","title":{"rendered":"I4 M\u00daSICA"},"content":{"rendered":"<p>Hola fam\u00edlies<\/p>\n<p>Aquestes darreres setmanes hem estat immersos en activitats relacionades amb la nostra propera sortida a l&#8217;Auditori &#8220;Mamemi&#8230;Mozart&#8221;.<\/p>\n<p>Us deixem unes imatges d&#8217;una de les nostres sessions, en la que vam descobrir una encantadora can\u00e7\u00f3 que es toca amb glockenspiel, i vam decidir intentar imitar el seu so amb els carillons que tenim a l&#8217;escola.<\/p>\n<p>Amb entusiasme vam experimentar amb els sons per endinsar-nos a la m\u00fasica de Mozart. Va ser una experi\u00e8ncia genial que ens va apropar encara m\u00e9s a la seva obra i ens va deixar impacients per la nostra visita a l&#8217;Auditori.<\/p>\n<p><a href=\"https:\/\/photos.app.goo.gl\/ajFzoHEsS3ef5fZB6\"><img loading=\"lazy\" decoding=\"async\" class=\"alignnone wp-image-11620\" src=\"https:\/\/agora.xtec.cat\/ceipsab\/wp-content\/uploads\/usu1011\/2024\/05\/FOTO-MUSICA-768x1024.jpg\" alt=\"\" width=\"240\" height=\"320\" srcset=\"https:\/\/agora.xtec.cat\/ceipsab\/wp-content\/uploads\/usu1011\/2024\/05\/FOTO-MUSICA-768x1024.jpg 768w, https:\/\/agora.xtec.cat\/ceipsab\/wp-content\/uploads\/usu1011\/2024\/05\/FOTO-MUSICA-225x300.jpg 225w, https:\/\/agora.xtec.cat\/ceipsab\/wp-content\/uploads\/usu1011\/2024\/05\/FOTO-MUSICA-1152x1536.jpg 1152w, https:\/\/agora.xtec.cat\/ceipsab\/wp-content\/uploads\/usu1011\/2024\/05\/FOTO-MUSICA.jpg 1536w\" sizes=\"auto, (max-width: 240px) 100vw, 240px\" \/><\/a><\/p>\n","protected":false},"excerpt":{"rendered":"<p>Hola fam\u00edlies<br \/>\nAquestes darreres setmanes hem estat immersos en activitats relacionades amb la nostra propera sortida a l&#8217;Auditori &#8220;Mamemi&#8230;Mozart&#8221;.<br \/>\nUs deixem unes imatges d&#8217;una de les nostres sessions, en la que vam descobrir una encantadora can\u00e7\u00f3 que es toca amb glockenspiel, i vam decidir intentar imitar el&hellip;  <a href=\"https:\/\/agora.xtec.cat\/ceipsab\/educacio-infantil\/p4\/i4-musica\/\" title=\"Read I4 M\u00daSICA\">Llegeix m\u00e9s\u00bb<\/a><\/p>\n","protected":false},"author":48,"featured_media":11620,"comment_status":"open","ping_status":"closed","sticky":false,"template":"","format":"standard","meta":{"_bbp_topic_count":0,"_bbp_reply_count":0,"_bbp_total_topic_count":0,"_bbp_total_reply_count":0,"_bbp_voice_count":0,"_bbp_anonymous_reply_count":0,"_bbp_topic_count_hidden":0,"_bbp_reply_count_hidden":0,"_bbp_forum_subforum_count":0,"footnotes":""},"categories":[62,8],"tags":[],"class_list":["post-11619","post","type-post","status-publish","format-standard","has-post-thumbnail","hentry","category-educacio-infantil","category-p4"],"post_mailing_queue_ids":[],"_links":{"self":[{"href":"https:\/\/agora.xtec.cat\/ceipsab\/wp-json\/wp\/v2\/posts\/11619","targetHints":{"allow":["GET"]}}],"collection":[{"href":"https:\/\/agora.xtec.cat\/ceipsab\/wp-json\/wp\/v2\/posts"}],"about":[{"href":"https:\/\/agora.xtec.cat\/ceipsab\/wp-json\/wp\/v2\/types\/post"}],"author":[{"embeddable":true,"href":"https:\/\/agora.xtec.cat\/ceipsab\/wp-json\/wp\/v2\/users\/48"}],"replies":[{"embeddable":true,"href":"https:\/\/agora.xtec.cat\/ceipsab\/wp-json\/wp\/v2\/comments?post=11619"}],"version-history":[{"count":2,"href":"https:\/\/agora.xtec.cat\/ceipsab\/wp-json\/wp\/v2\/posts\/11619\/revisions"}],"predecessor-version":[{"id":11622,"href":"https:\/\/agora.xtec.cat\/ceipsab\/wp-json\/wp\/v2\/posts\/11619\/revisions\/11622"}],"wp:featuredmedia":[{"embeddable":true,"href":"https:\/\/agora.xtec.cat\/ceipsab\/wp-json\/wp\/v2\/media\/11620"}],"wp:attachment":[{"href":"https:\/\/agora.xtec.cat\/ceipsab\/wp-json\/wp\/v2\/media?parent=11619"}],"wp:term":[{"taxonomy":"category","embeddable":true,"href":"https:\/\/agora.xtec.cat\/ceipsab\/wp-json\/wp\/v2\/categories?post=11619"},{"taxonomy":"post_tag","embeddable":true,"href":"https:\/\/agora.xtec.cat\/ceipsab\/wp-json\/wp\/v2\/tags?post=11619"}],"curies":[{"name":"wp","href":"https:\/\/api.w.org\/{rel}","templated":true}]}}