{"id":11610,"date":"2024-05-03T14:21:04","date_gmt":"2024-05-03T12:21:04","guid":{"rendered":"https:\/\/agora.xtec.cat\/ceipsab\/?p=11610"},"modified":"2024-05-03T14:21:04","modified_gmt":"2024-05-03T12:21:04","slug":"prestec-i-bibliopati-curs-2023-2024","status":"publish","type":"post","link":"https:\/\/agora.xtec.cat\/ceipsab\/biblioteca-escolar\/prestec-i-bibliopati-curs-2023-2024\/","title":{"rendered":"PR\u00c9STEC I BIBLIOPATI (curs 2023-2024)"},"content":{"rendered":"<p><span style=\"font-weight: 400\">Aquest curs, com ja sabeu, hem iniciat el pr\u00e9stec a l\u2019escola (comunitat de grans) a les estones de bibliopati (dimarts i dijous).\u00a0<\/span><\/p>\n<p><span style=\"font-weight: 400\">Has estat un gran \u00e8xit!!! Sempre hi ha una gran participaci\u00f3 i moltes ganes de gaudir d\u2019aquest espai. S\u2019han fet m\u00e9s de 80 carnets i portem una gran llista de pr\u00e9stecs entre els nostres alumnes de la comunitat de grans.<\/span><\/p>\n<p><span style=\"font-weight: 400\">A m\u00e9s a m\u00e9s, els nostres lectors tamb\u00e9 tenen ganes d&#8217;innovar, creant noves propostes i activitats: creaci\u00f3 i difusi\u00f3 de la seva pr\u00f2pia revista (\u201c3 voces\u201d), organitzaci\u00f3 de tallers (origami, dibuix\u2026), elaboraci\u00f3 de cartells informatius, etc.<\/span><\/p>\n<p><span style=\"font-weight: 400\">I \u00c9S QUE\u2026 ENTRE LES P\u00c0GINES DELS LLIBRES SEMPRE VAN NAIXENT NOVES IDEES!<\/span><\/p>\n<p><a href=\"https:\/\/photos.app.goo.gl\/6CthFsKdF2Refgx17\"><img loading=\"lazy\" decoding=\"async\" class=\"wp-image-11611 aligncenter\" src=\"https:\/\/agora.xtec.cat\/ceipsab\/wp-content\/uploads\/usu1011\/2024\/05\/Captura-de-pantalla-2024-04-30-123025.jpg\" alt=\"\" width=\"331\" height=\"329\" srcset=\"https:\/\/agora.xtec.cat\/ceipsab\/wp-content\/uploads\/usu1011\/2024\/05\/Captura-de-pantalla-2024-04-30-123025.jpg 888w, https:\/\/agora.xtec.cat\/ceipsab\/wp-content\/uploads\/usu1011\/2024\/05\/Captura-de-pantalla-2024-04-30-123025-300x298.jpg 300w, https:\/\/agora.xtec.cat\/ceipsab\/wp-content\/uploads\/usu1011\/2024\/05\/Captura-de-pantalla-2024-04-30-123025-150x150.jpg 150w, https:\/\/agora.xtec.cat\/ceipsab\/wp-content\/uploads\/usu1011\/2024\/05\/Captura-de-pantalla-2024-04-30-123025-768x764.jpg 768w\" sizes=\"auto, (max-width: 331px) 100vw, 331px\" \/><\/a><\/p>\n","protected":false},"excerpt":{"rendered":"<p>Aquest curs, com ja sabeu, hem iniciat el pr\u00e9stec a l\u2019escola (comunitat de grans) a les estones de bibliopati (dimarts i dijous).\u00a0<br \/>\nHas estat un gran \u00e8xit!!! Sempre hi ha una gran participaci\u00f3 i moltes ganes de gaudir d\u2019aquest espai. S\u2019han fet m\u00e9s de 80 carnets&hellip;  <a href=\"https:\/\/agora.xtec.cat\/ceipsab\/biblioteca-escolar\/prestec-i-bibliopati-curs-2023-2024\/\" title=\"Read PR\u00c9STEC I BIBLIOPATI (curs 2023-2024)\">Llegeix m\u00e9s\u00bb<\/a><\/p>\n","protected":false},"author":25,"featured_media":11611,"comment_status":"open","ping_status":"closed","sticky":false,"template":"","format":"standard","meta":{"_bbp_topic_count":0,"_bbp_reply_count":0,"_bbp_total_topic_count":0,"_bbp_total_reply_count":0,"_bbp_voice_count":0,"_bbp_anonymous_reply_count":0,"_bbp_topic_count_hidden":0,"_bbp_reply_count_hidden":0,"_bbp_forum_subforum_count":0,"footnotes":""},"categories":[412],"tags":[],"class_list":["post-11610","post","type-post","status-publish","format-standard","has-post-thumbnail","hentry","category-biblioteca-escolar"],"post_mailing_queue_ids":[],"_links":{"self":[{"href":"https:\/\/agora.xtec.cat\/ceipsab\/wp-json\/wp\/v2\/posts\/11610","targetHints":{"allow":["GET"]}}],"collection":[{"href":"https:\/\/agora.xtec.cat\/ceipsab\/wp-json\/wp\/v2\/posts"}],"about":[{"href":"https:\/\/agora.xtec.cat\/ceipsab\/wp-json\/wp\/v2\/types\/post"}],"author":[{"embeddable":true,"href":"https:\/\/agora.xtec.cat\/ceipsab\/wp-json\/wp\/v2\/users\/25"}],"replies":[{"embeddable":true,"href":"https:\/\/agora.xtec.cat\/ceipsab\/wp-json\/wp\/v2\/comments?post=11610"}],"version-history":[{"count":1,"href":"https:\/\/agora.xtec.cat\/ceipsab\/wp-json\/wp\/v2\/posts\/11610\/revisions"}],"predecessor-version":[{"id":11612,"href":"https:\/\/agora.xtec.cat\/ceipsab\/wp-json\/wp\/v2\/posts\/11610\/revisions\/11612"}],"wp:featuredmedia":[{"embeddable":true,"href":"https:\/\/agora.xtec.cat\/ceipsab\/wp-json\/wp\/v2\/media\/11611"}],"wp:attachment":[{"href":"https:\/\/agora.xtec.cat\/ceipsab\/wp-json\/wp\/v2\/media?parent=11610"}],"wp:term":[{"taxonomy":"category","embeddable":true,"href":"https:\/\/agora.xtec.cat\/ceipsab\/wp-json\/wp\/v2\/categories?post=11610"},{"taxonomy":"post_tag","embeddable":true,"href":"https:\/\/agora.xtec.cat\/ceipsab\/wp-json\/wp\/v2\/tags?post=11610"}],"curies":[{"name":"wp","href":"https:\/\/api.w.org\/{rel}","templated":true}]}}