{"id":11545,"date":"2024-04-24T08:31:11","date_gmt":"2024-04-24T06:31:11","guid":{"rendered":"https:\/\/agora.xtec.cat\/ceipsab\/?p=11545"},"modified":"2024-04-24T08:31:11","modified_gmt":"2024-04-24T06:31:11","slug":"dia-de-leducacio-fisica-al-carrer-2024","status":"publish","type":"post","link":"https:\/\/agora.xtec.cat\/ceipsab\/educacio-infantil\/p5\/general\/dia-de-leducacio-fisica-al-carrer-2024\/","title":{"rendered":"DIA DE L&#8217;EDUCACI\u00d3 F\u00cdSICA AL CARRER 2024"},"content":{"rendered":"<p>Benvolgudes fam\u00edlies,<\/p>\n<p>El passat 18 d&#8217;abril v\u00e0rem celebrar, com cada any, el Dia de l&#8217;Educaci\u00f3 F\u00edsica al Carrer. En aquesta edici\u00f3, acompanyats per l'&#8221;Escola de Dansa Sonia Navarro&#8221;.<\/p>\n<p>En tres torns, i amb l&#8217;alumnat des d&#8217;I5 a 6\u00e8, v\u00e0rem gaudir de la m\u00fasica i v\u00e0rem aprendre passos de &#8220;hip-hop&#8221;.<\/p>\n<p>Gaudiu amb les fotos!<\/p>\n<p><a href=\"https:\/\/photos.app.goo.gl\/az8S9wgzct93rfA97\"><img loading=\"lazy\" decoding=\"async\" class=\"alignnone size-large wp-image-11546\" src=\"https:\/\/agora.xtec.cat\/ceipsab\/wp-content\/uploads\/usu1011\/2024\/04\/defc-1024x821.png\" alt=\"\" width=\"1024\" height=\"821\" srcset=\"https:\/\/agora.xtec.cat\/ceipsab\/wp-content\/uploads\/usu1011\/2024\/04\/defc-1024x821.png 1024w, https:\/\/agora.xtec.cat\/ceipsab\/wp-content\/uploads\/usu1011\/2024\/04\/defc-300x240.png 300w, https:\/\/agora.xtec.cat\/ceipsab\/wp-content\/uploads\/usu1011\/2024\/04\/defc-768x616.png 768w, https:\/\/agora.xtec.cat\/ceipsab\/wp-content\/uploads\/usu1011\/2024\/04\/defc.png 1129w\" sizes=\"auto, (max-width: 1024px) 100vw, 1024px\" \/><\/a><\/p>\n","protected":false},"excerpt":{"rendered":"<p>Benvolgudes fam\u00edlies,<br \/>\nEl passat 18 d&#8217;abril v\u00e0rem celebrar, com cada any, el Dia de l&#8217;Educaci\u00f3 F\u00edsica al Carrer. En aquesta edici\u00f3, acompanyats per l&#8217;&#8221;Escola de Dansa Sonia Navarro&#8221;.<br \/>\nEn tres torns, i amb l&#8217;alumnat des d&#8217;I5 a 6\u00e8, v\u00e0rem gaudir de la m\u00fasica i v\u00e0rem aprendre passos&hellip;  <a href=\"https:\/\/agora.xtec.cat\/ceipsab\/educacio-infantil\/p5\/general\/dia-de-leducacio-fisica-al-carrer-2024\/\" title=\"Read DIA DE L&#8217;EDUCACI\u00d3 F\u00cdSICA AL CARRER 2024\">Llegeix m\u00e9s\u00bb<\/a><\/p>\n","protected":false},"author":1,"featured_media":11546,"comment_status":"open","ping_status":"closed","sticky":false,"template":"","format":"standard","meta":{"_bbp_topic_count":0,"_bbp_reply_count":0,"_bbp_total_topic_count":0,"_bbp_total_reply_count":0,"_bbp_voice_count":0,"_bbp_anonymous_reply_count":0,"_bbp_topic_count_hidden":0,"_bbp_reply_count_hidden":0,"_bbp_forum_subforum_count":0,"footnotes":""},"categories":[10,11,12,13,14,15,63,64,65,5,1,9],"tags":[443,127,114,307,444],"class_list":["post-11545","post","type-post","status-publish","format-standard","has-post-thumbnail","hentry","category-1r","category-2n","category-3r","category-4t","category-5e","category-6e","category-cicle-inicial","category-cicle-mitja","category-cicle-superior","category-primaria","category-general","category-p5","tag-defc2024","tag-educaciofisica","tag-escolasab","tag-habitssaludables","tag-sonianavarro"],"post_mailing_queue_ids":[],"_links":{"self":[{"href":"https:\/\/agora.xtec.cat\/ceipsab\/wp-json\/wp\/v2\/posts\/11545","targetHints":{"allow":["GET"]}}],"collection":[{"href":"https:\/\/agora.xtec.cat\/ceipsab\/wp-json\/wp\/v2\/posts"}],"about":[{"href":"https:\/\/agora.xtec.cat\/ceipsab\/wp-json\/wp\/v2\/types\/post"}],"author":[{"embeddable":true,"href":"https:\/\/agora.xtec.cat\/ceipsab\/wp-json\/wp\/v2\/users\/1"}],"replies":[{"embeddable":true,"href":"https:\/\/agora.xtec.cat\/ceipsab\/wp-json\/wp\/v2\/comments?post=11545"}],"version-history":[{"count":1,"href":"https:\/\/agora.xtec.cat\/ceipsab\/wp-json\/wp\/v2\/posts\/11545\/revisions"}],"predecessor-version":[{"id":11547,"href":"https:\/\/agora.xtec.cat\/ceipsab\/wp-json\/wp\/v2\/posts\/11545\/revisions\/11547"}],"wp:featuredmedia":[{"embeddable":true,"href":"https:\/\/agora.xtec.cat\/ceipsab\/wp-json\/wp\/v2\/media\/11546"}],"wp:attachment":[{"href":"https:\/\/agora.xtec.cat\/ceipsab\/wp-json\/wp\/v2\/media?parent=11545"}],"wp:term":[{"taxonomy":"category","embeddable":true,"href":"https:\/\/agora.xtec.cat\/ceipsab\/wp-json\/wp\/v2\/categories?post=11545"},{"taxonomy":"post_tag","embeddable":true,"href":"https:\/\/agora.xtec.cat\/ceipsab\/wp-json\/wp\/v2\/tags?post=11545"}],"curies":[{"name":"wp","href":"https:\/\/api.w.org\/{rel}","templated":true}]}}