{"id":11514,"date":"2024-04-11T16:25:47","date_gmt":"2024-04-11T14:25:47","guid":{"rendered":"https:\/\/agora.xtec.cat\/ceipsab\/?p=11514"},"modified":"2024-04-11T16:25:47","modified_gmt":"2024-04-11T14:25:47","slug":"i3-aula-multisensorial","status":"publish","type":"post","link":"https:\/\/agora.xtec.cat\/ceipsab\/educacio-infantil\/p3\/i3-aula-multisensorial\/","title":{"rendered":"I3 AULA MULTISENSORIAL"},"content":{"rendered":"<p>Hola fam\u00edies!<\/p>\n<p>Els nens i nenes d&#8217;I3 hem anat a l&#8217;aula multisensorial. Aquesta aula \u00e9s un espai amb diferents materials sensorials per a jugar i experimentar amb els sentits.<\/p>\n<p>Ens agrada molt\u00edssim i ens ho hem passat d&#8217;all\u00f2 m\u00e9s b\u00e9!<\/p>\n<p>Ens voleu veure?<\/p>\n<p><a href=\"https:\/\/photos.app.goo.gl\/vLUa7NhC4B3FUVPK6\"><img loading=\"lazy\" decoding=\"async\" class=\"alignnone  wp-image-11515\" src=\"https:\/\/agora.xtec.cat\/ceipsab\/wp-content\/uploads\/usu1011\/2024\/04\/IMG_20240229_153233-1024x768.jpg\" alt=\"\" width=\"248\" height=\"186\" srcset=\"https:\/\/agora.xtec.cat\/ceipsab\/wp-content\/uploads\/usu1011\/2024\/04\/IMG_20240229_153233-1024x768.jpg 1024w, https:\/\/agora.xtec.cat\/ceipsab\/wp-content\/uploads\/usu1011\/2024\/04\/IMG_20240229_153233-300x225.jpg 300w, https:\/\/agora.xtec.cat\/ceipsab\/wp-content\/uploads\/usu1011\/2024\/04\/IMG_20240229_153233-768x576.jpg 768w, https:\/\/agora.xtec.cat\/ceipsab\/wp-content\/uploads\/usu1011\/2024\/04\/IMG_20240229_153233-1536x1152.jpg 1536w, https:\/\/agora.xtec.cat\/ceipsab\/wp-content\/uploads\/usu1011\/2024\/04\/IMG_20240229_153233-2048x1536.jpg 2048w, https:\/\/agora.xtec.cat\/ceipsab\/wp-content\/uploads\/usu1011\/2024\/04\/IMG_20240229_153233-200x150.jpg 200w\" sizes=\"auto, (max-width: 248px) 100vw, 248px\" \/><\/a><\/p>\n","protected":false},"excerpt":{"rendered":"<p>Hola fam\u00edies!<br \/>\nEls nens i nenes d&#8217;I3 hem anat a l&#8217;aula multisensorial. Aquesta aula \u00e9s un espai amb diferents materials sensorials per a jugar i experimentar amb els sentits.<br \/>\nEns agrada molt\u00edssim i ens ho hem passat d&#8217;all\u00f2 m\u00e9s b\u00e9!<br \/>\nEns voleu veure?<br \/>\n<a href=\"https:\/\/photos.app.goo.gl\/vLUa7NhC4B3FUVPK6\"><\/a><\/p>\n","protected":false},"author":1,"featured_media":0,"comment_status":"open","ping_status":"closed","sticky":false,"template":"","format":"standard","meta":{"_bbp_topic_count":0,"_bbp_reply_count":0,"_bbp_total_topic_count":0,"_bbp_total_reply_count":0,"_bbp_voice_count":0,"_bbp_anonymous_reply_count":0,"_bbp_topic_count_hidden":0,"_bbp_reply_count_hidden":0,"_bbp_forum_subforum_count":0,"footnotes":""},"categories":[62,3],"tags":[],"class_list":["post-11514","post","type-post","status-publish","format-standard","hentry","category-educacio-infantil","category-p3"],"post_mailing_queue_ids":[],"_links":{"self":[{"href":"https:\/\/agora.xtec.cat\/ceipsab\/wp-json\/wp\/v2\/posts\/11514","targetHints":{"allow":["GET"]}}],"collection":[{"href":"https:\/\/agora.xtec.cat\/ceipsab\/wp-json\/wp\/v2\/posts"}],"about":[{"href":"https:\/\/agora.xtec.cat\/ceipsab\/wp-json\/wp\/v2\/types\/post"}],"author":[{"embeddable":true,"href":"https:\/\/agora.xtec.cat\/ceipsab\/wp-json\/wp\/v2\/users\/1"}],"replies":[{"embeddable":true,"href":"https:\/\/agora.xtec.cat\/ceipsab\/wp-json\/wp\/v2\/comments?post=11514"}],"version-history":[{"count":1,"href":"https:\/\/agora.xtec.cat\/ceipsab\/wp-json\/wp\/v2\/posts\/11514\/revisions"}],"predecessor-version":[{"id":11516,"href":"https:\/\/agora.xtec.cat\/ceipsab\/wp-json\/wp\/v2\/posts\/11514\/revisions\/11516"}],"wp:attachment":[{"href":"https:\/\/agora.xtec.cat\/ceipsab\/wp-json\/wp\/v2\/media?parent=11514"}],"wp:term":[{"taxonomy":"category","embeddable":true,"href":"https:\/\/agora.xtec.cat\/ceipsab\/wp-json\/wp\/v2\/categories?post=11514"},{"taxonomy":"post_tag","embeddable":true,"href":"https:\/\/agora.xtec.cat\/ceipsab\/wp-json\/wp\/v2\/tags?post=11514"}],"curies":[{"name":"wp","href":"https:\/\/api.w.org\/{rel}","templated":true}]}}