{"id":11510,"date":"2024-04-08T16:26:31","date_gmt":"2024-04-08T14:26:31","guid":{"rendered":"https:\/\/agora.xtec.cat\/ceipsab\/?p=11510"},"modified":"2024-04-08T16:26:31","modified_gmt":"2024-04-08T14:26:31","slug":"biblioteques-obertes","status":"publish","type":"post","link":"https:\/\/agora.xtec.cat\/ceipsab\/portada\/biblioteques-obertes\/","title":{"rendered":"Biblioteques obertes"},"content":{"rendered":"<div class=\"gmail_default\"><span style=\"font-family: arial, sans-serif;\">Benvolgudes fam\u00edlies,<\/span><\/div>\n<div class=\"gmail_default\"><span style=\"font-family: arial, sans-serif;\">\u00a0<\/span><\/div>\n<div class=\"gmail_default\"><span style=\"font-family: arial, sans-serif;\">Per tal de\u00a0contribuir a la millora de les condicions d&#8217;escolaritzaci\u00f3 i a l&#8217;\u00e8xit escolar educatiu s&#8217;ha iniciat, a trav\u00e9s de l&#8217;Ajuntament, Centres escolars i el Pla Educatiu d&#8217;Entorn del nostre municipi, la\u00a0<span class=\"il\">Biblioteca<\/span>\u00a0escolar.<\/span><\/div>\n<div class=\"gmail_default\"><span style=\"font-family: arial, sans-serif;\">\u00a0<\/span><\/div>\n<div class=\"gmail_default\"><span style=\"font-family: arial, sans-serif;\">Us concretem com funciona.<\/p>\n<p><b>Descripci\u00f3 de l&#8217;activitat<\/b>: s&#8217;obriran les biblioteques de quatre centres educatius de Sant Andreu de la Barca per tal de garantir un espai de treball i estudi a l&#8217;alumnat de 3r, 4t, 5\u00e8 i 6\u00e8 de prim\u00e0ria, i a l&#8217;alumnat d&#8217;ESO dels instituts.<\/p>\n<p>Les biblioteques s\u00f3n obertes. \u00c9s a dir, a l&#8217;activitat hi poden assistir alumnat de tot el municipi. Aix\u00f2 s\u00ed, tenint en compte que l&#8217;alumnat de prim\u00e0ria ha de dirigir-se a les escoles i, els de secund\u00e0ria, als instituts.<\/p>\n<p>Els centres educatius que obriran la\u00a0<span class=\"il\">biblioteca<\/span>\u00a0s\u00f3n:<\/p>\n<p><b>Institut Montserrat Roig<\/b><br \/>\nDimecres de\u00a016.30\u202fh\u00a0a\u00a018.30\u202fh<br \/>\nL\u00edmit inscripcions dimarts a les\u00a023.59\u202fh<br \/>\nCapacitat m\u00e0xima: 25 persones<\/p>\n<p><b>Institut El Palau<\/b><br \/>\nDilluns de\u00a016.30\u202fh\u00a0a\u00a018.30\u202fh<br \/>\nL\u00edmit inscripcions diumenge a les\u00a023.59\u202fh<br \/>\nCapacitat m\u00e0xima: 25 persones<\/p>\n<p><\/span><\/div>\n<div class=\"gmail_default\"><span style=\"font-family: arial, sans-serif;\"><b>Escola Can Salvi<\/b><br \/>\nDimarts i dijous de\u00a016.30\u202fh\u00a0a\u00a017.30\u202fh<br \/>\nL\u00edmit inscripcions dilluns i dimecres a les\u00a023.59\u202fh<br \/>\nCapacitat m\u00e0xima: 16 persones<\/p>\n<p><b>Escola Sant Andreu de la Barca<\/b><br \/>\nDilluns i dimecres de\u00a016.30\u202fh\u00a0a\u00a017.30\u202fh<br \/>\nL\u00edmit d&#8217;inscripci\u00f3 diumenge i dimarts a les\u00a023.59\u202fh<br \/>\nCapacitat m\u00e0xima: 20 persones<\/p>\n<p>Les biblioteques comptaran amb el suport d&#8217;una persona tallerista. La seva funci\u00f3 \u00e9s donar suport a les tasques escolars i fomentar\u00e0 els\u00a0h\u00e0bits\u00a0d&#8217;estudi i el gust per la lectura. Tamb\u00e9 vetllar\u00e0 per l&#8217;\u00fas de la llengua catalana com a llengua compartida i de cohesi\u00f3 social.<\/p>\n<p><b>Inscripci\u00f3:<span style=\"color: #000000;\">\u00a0Per poder assistir a l&#8217;activitat cal inscripci\u00f3 pr\u00e8via. La inscripci\u00f3 es podr\u00e0 fer en el seg\u00fcent enlla\u00e7:<\/span><span style=\"color: #0000ff;\">\u00a0<a href=\"https:\/\/sabarca.cat\/reserva\" target=\"_blank\" rel=\"noopener\" data-saferedirecturl=\"https:\/\/www.google.com\/url?q=https:\/\/sabarca.cat\/reserva&amp;source=gmail&amp;ust=1712645391927000&amp;usg=AOvVaw0bqtGp2CVg9Ut_KvD987tL\">https:\/\/sabarca.cat\/<wbr \/>reserva<\/a><a href=\"https:\/\/sabarca.cat\/reserva\" target=\"_blank\" rel=\"noopener\"><img loading=\"lazy\" decoding=\"async\" class=\"aligncenter wp-image-11511\" src=\"https:\/\/agora.xtec.cat\/ceipsab\/wp-content\/uploads\/usu1011\/2024\/04\/BIBLIOTEQUES-ESCOLARS_page-0001-scaled.jpg\" alt=\"\" width=\"411\" height=\"581\" srcset=\"https:\/\/agora.xtec.cat\/ceipsab\/wp-content\/uploads\/usu1011\/2024\/04\/BIBLIOTEQUES-ESCOLARS_page-0001-scaled.jpg 1809w, https:\/\/agora.xtec.cat\/ceipsab\/wp-content\/uploads\/usu1011\/2024\/04\/BIBLIOTEQUES-ESCOLARS_page-0001-212x300.jpg 212w, https:\/\/agora.xtec.cat\/ceipsab\/wp-content\/uploads\/usu1011\/2024\/04\/BIBLIOTEQUES-ESCOLARS_page-0001-724x1024.jpg 724w, https:\/\/agora.xtec.cat\/ceipsab\/wp-content\/uploads\/usu1011\/2024\/04\/BIBLIOTEQUES-ESCOLARS_page-0001-768x1087.jpg 768w, https:\/\/agora.xtec.cat\/ceipsab\/wp-content\/uploads\/usu1011\/2024\/04\/BIBLIOTEQUES-ESCOLARS_page-0001-1086x1536.jpg 1086w, https:\/\/agora.xtec.cat\/ceipsab\/wp-content\/uploads\/usu1011\/2024\/04\/BIBLIOTEQUES-ESCOLARS_page-0001-1447x2048.jpg 1447w\" sizes=\"auto, (max-width: 411px) 100vw, 411px\" \/><\/a><\/span><\/b><\/span><\/div>\n","protected":false},"excerpt":{"rendered":"<p>Benvolgudes fam\u00edlies,<br \/>\n\u00a0<br \/>\nPer tal de\u00a0contribuir a la millora de les condicions d&#8217;escolaritzaci\u00f3 i a l&#8217;\u00e8xit escolar educatiu s&#8217;ha iniciat, a trav\u00e9s de l&#8217;Ajuntament, Centres escolars i el Pla Educatiu d&#8217;Entorn del nostre municipi, la\u00a0Biblioteca\u00a0escolar.<br \/>\n\u00a0<br \/>\nUs concretem com funciona.<br \/>\nDescripci\u00f3 de l&#8217;activitat: s&#8217;obriran les biblioteques de quatre centres educatius&hellip;  <a href=\"https:\/\/agora.xtec.cat\/ceipsab\/portada\/biblioteques-obertes\/\" title=\"Read Biblioteques obertes\">Llegeix m\u00e9s\u00bb<\/a><\/p>\n","protected":false},"author":3,"featured_media":11511,"comment_status":"open","ping_status":"closed","sticky":false,"template":"","format":"standard","meta":{"_bbp_topic_count":0,"_bbp_reply_count":0,"_bbp_total_topic_count":0,"_bbp_total_reply_count":0,"_bbp_voice_count":0,"_bbp_anonymous_reply_count":0,"_bbp_topic_count_hidden":0,"_bbp_reply_count_hidden":0,"_bbp_forum_subforum_count":0,"footnotes":""},"categories":[64,65,4],"tags":[],"class_list":["post-11510","post","type-post","status-publish","format-standard","has-post-thumbnail","hentry","category-cicle-mitja","category-cicle-superior","category-portada"],"post_mailing_queue_ids":[],"_links":{"self":[{"href":"https:\/\/agora.xtec.cat\/ceipsab\/wp-json\/wp\/v2\/posts\/11510","targetHints":{"allow":["GET"]}}],"collection":[{"href":"https:\/\/agora.xtec.cat\/ceipsab\/wp-json\/wp\/v2\/posts"}],"about":[{"href":"https:\/\/agora.xtec.cat\/ceipsab\/wp-json\/wp\/v2\/types\/post"}],"author":[{"embeddable":true,"href":"https:\/\/agora.xtec.cat\/ceipsab\/wp-json\/wp\/v2\/users\/3"}],"replies":[{"embeddable":true,"href":"https:\/\/agora.xtec.cat\/ceipsab\/wp-json\/wp\/v2\/comments?post=11510"}],"version-history":[{"count":1,"href":"https:\/\/agora.xtec.cat\/ceipsab\/wp-json\/wp\/v2\/posts\/11510\/revisions"}],"predecessor-version":[{"id":11512,"href":"https:\/\/agora.xtec.cat\/ceipsab\/wp-json\/wp\/v2\/posts\/11510\/revisions\/11512"}],"wp:featuredmedia":[{"embeddable":true,"href":"https:\/\/agora.xtec.cat\/ceipsab\/wp-json\/wp\/v2\/media\/11511"}],"wp:attachment":[{"href":"https:\/\/agora.xtec.cat\/ceipsab\/wp-json\/wp\/v2\/media?parent=11510"}],"wp:term":[{"taxonomy":"category","embeddable":true,"href":"https:\/\/agora.xtec.cat\/ceipsab\/wp-json\/wp\/v2\/categories?post=11510"},{"taxonomy":"post_tag","embeddable":true,"href":"https:\/\/agora.xtec.cat\/ceipsab\/wp-json\/wp\/v2\/tags?post=11510"}],"curies":[{"name":"wp","href":"https:\/\/api.w.org\/{rel}","templated":true}]}}