{"id":11504,"date":"2024-04-04T16:04:25","date_gmt":"2024-04-04T14:04:25","guid":{"rendered":"https:\/\/agora.xtec.cat\/ceipsab\/?p=11504"},"modified":"2024-04-04T16:04:25","modified_gmt":"2024-04-04T14:04:25","slug":"els-alumnes-de-1r-finalistes-del-premi-pilarin-bayes","status":"publish","type":"post","link":"https:\/\/agora.xtec.cat\/ceipsab\/portada\/els-alumnes-de-1r-finalistes-del-premi-pilarin-bayes\/","title":{"rendered":"Els alumnes de 1r finalistes del premi Pilar\u00edn Bay\u00e9s"},"content":{"rendered":"<p>El Premi Pilar\u00edn Bay\u00e9s convoca cada curs a nens i nenes de Prim\u00e0ria de tot Catalunya a crear contes sobre una tem\u00e0tica al voltant dels valors. Una oportunitat per fomentar a l\u2019aula l\u2019escriptura i l\u2019educaci\u00f3 en valors, a m\u00e9s d\u2019apropar els llibres als infants i estimular la seva imaginaci\u00f3.<\/p>\n<p>Els nostres alumnes de 1r han participat amb el conte &#8220;<strong><a href=\"https:\/\/www.premipilarinbayes.org\/un-estiu-per-recordar\/\">Un estiu per recordar<\/a><\/strong>&#8220;, els seus esfor\u00e7os han tingut una gran recompensa, SOM FINALISTES!!!!!.<\/p>\n<p><strong>Necessitem\u00a0 la vostra col\u00b7laboraci\u00f3, entreu a l&#8217;enlla\u00e7, gaudiu de la lectura del conte i voteu clicant al cor. Moltes gr\u00e0cies. <a href=\"https:\/\/www.premipilarinbayes.org\/un-estiu-per-recordar\/\">CLICA<\/a><\/strong><\/p>\n<p><a href=\"https:\/\/www.premipilarinbayes.org\/un-estiu-per-recordar\/\" target=\"_blank\" rel=\"noopener\"><img loading=\"lazy\" decoding=\"async\" class=\"aligncenter wp-image-11505 size-full\" src=\"https:\/\/agora.xtec.cat\/ceipsab\/wp-content\/uploads\/usu1011\/2024\/04\/Captura.png\" alt=\"\" width=\"1097\" height=\"625\" srcset=\"https:\/\/agora.xtec.cat\/ceipsab\/wp-content\/uploads\/usu1011\/2024\/04\/Captura.png 1097w, https:\/\/agora.xtec.cat\/ceipsab\/wp-content\/uploads\/usu1011\/2024\/04\/Captura-300x171.png 300w, https:\/\/agora.xtec.cat\/ceipsab\/wp-content\/uploads\/usu1011\/2024\/04\/Captura-1024x583.png 1024w, https:\/\/agora.xtec.cat\/ceipsab\/wp-content\/uploads\/usu1011\/2024\/04\/Captura-768x438.png 768w\" sizes=\"auto, (max-width: 1097px) 100vw, 1097px\" \/><\/a><\/p>\n","protected":false},"excerpt":{"rendered":"<p>El Premi Pilar\u00edn Bay\u00e9s convoca cada curs a nens i nenes de Prim\u00e0ria de tot Catalunya a crear contes sobre una tem\u00e0tica al voltant dels valors. Una oportunitat per fomentar a l\u2019aula l\u2019escriptura i l\u2019educaci\u00f3 en valors, a m\u00e9s d\u2019apropar els llibres als infants i&hellip;  <a href=\"https:\/\/agora.xtec.cat\/ceipsab\/portada\/els-alumnes-de-1r-finalistes-del-premi-pilarin-bayes\/\" title=\"Read Els alumnes de 1r finalistes del premi Pilar\u00edn Bay\u00e9s\">Llegeix m\u00e9s\u00bb<\/a><\/p>\n","protected":false},"author":3,"featured_media":11505,"comment_status":"open","ping_status":"closed","sticky":false,"template":"","format":"standard","meta":{"_bbp_topic_count":0,"_bbp_reply_count":0,"_bbp_total_topic_count":0,"_bbp_total_reply_count":0,"_bbp_voice_count":0,"_bbp_anonymous_reply_count":0,"_bbp_topic_count_hidden":0,"_bbp_reply_count_hidden":0,"_bbp_forum_subforum_count":0,"footnotes":""},"categories":[10,63,4],"tags":[],"class_list":["post-11504","post","type-post","status-publish","format-standard","has-post-thumbnail","hentry","category-1r","category-cicle-inicial","category-portada"],"post_mailing_queue_ids":[],"_links":{"self":[{"href":"https:\/\/agora.xtec.cat\/ceipsab\/wp-json\/wp\/v2\/posts\/11504","targetHints":{"allow":["GET"]}}],"collection":[{"href":"https:\/\/agora.xtec.cat\/ceipsab\/wp-json\/wp\/v2\/posts"}],"about":[{"href":"https:\/\/agora.xtec.cat\/ceipsab\/wp-json\/wp\/v2\/types\/post"}],"author":[{"embeddable":true,"href":"https:\/\/agora.xtec.cat\/ceipsab\/wp-json\/wp\/v2\/users\/3"}],"replies":[{"embeddable":true,"href":"https:\/\/agora.xtec.cat\/ceipsab\/wp-json\/wp\/v2\/comments?post=11504"}],"version-history":[{"count":3,"href":"https:\/\/agora.xtec.cat\/ceipsab\/wp-json\/wp\/v2\/posts\/11504\/revisions"}],"predecessor-version":[{"id":11508,"href":"https:\/\/agora.xtec.cat\/ceipsab\/wp-json\/wp\/v2\/posts\/11504\/revisions\/11508"}],"wp:featuredmedia":[{"embeddable":true,"href":"https:\/\/agora.xtec.cat\/ceipsab\/wp-json\/wp\/v2\/media\/11505"}],"wp:attachment":[{"href":"https:\/\/agora.xtec.cat\/ceipsab\/wp-json\/wp\/v2\/media?parent=11504"}],"wp:term":[{"taxonomy":"category","embeddable":true,"href":"https:\/\/agora.xtec.cat\/ceipsab\/wp-json\/wp\/v2\/categories?post=11504"},{"taxonomy":"post_tag","embeddable":true,"href":"https:\/\/agora.xtec.cat\/ceipsab\/wp-json\/wp\/v2\/tags?post=11504"}],"curies":[{"name":"wp","href":"https:\/\/api.w.org\/{rel}","templated":true}]}}