{"id":11496,"date":"2024-04-03T14:00:14","date_gmt":"2024-04-03T12:00:14","guid":{"rendered":"https:\/\/agora.xtec.cat\/ceipsab\/?p=11496"},"modified":"2024-04-03T14:00:14","modified_gmt":"2024-04-03T12:00:14","slug":"mona-de-pasqua-i5","status":"publish","type":"post","link":"https:\/\/agora.xtec.cat\/ceipsab\/educacio-infantil\/p5\/general\/mona-de-pasqua-i5\/","title":{"rendered":"MONA DE PASQUA I5"},"content":{"rendered":"<p>En tornar de les vacances hem conversat sobre el que fet i les nostres mones. I a l&#8217;escola tamb\u00e9 volien fer la nostra Mona. Abans de tot per poder preparar-la, primer vam llegir la recepta per saber el que necessit\u00e0vem i els passos de la seva elaboraci\u00f3. A la tarda ben equipats vam fer la nostra Mona Que va quedar preciosa, per\u00f2 sobretot estava bon\u00edssima!!!<\/p>\n<p>I5A<\/p>\n<p><a href=\"https:\/\/photos.app.goo.gl\/pqgTWSeDB4DJyAnJ8\"><img loading=\"lazy\" decoding=\"async\" class=\"alignnone size-medium wp-image-11492\" src=\"https:\/\/agora.xtec.cat\/ceipsab\/wp-content\/uploads\/usu1011\/2024\/04\/mona1-300x99.jpg\" alt=\"\" width=\"300\" height=\"99\" srcset=\"https:\/\/agora.xtec.cat\/ceipsab\/wp-content\/uploads\/usu1011\/2024\/04\/mona1-300x99.jpg 300w, https:\/\/agora.xtec.cat\/ceipsab\/wp-content\/uploads\/usu1011\/2024\/04\/mona1-1024x336.jpg 1024w, https:\/\/agora.xtec.cat\/ceipsab\/wp-content\/uploads\/usu1011\/2024\/04\/mona1-768x252.jpg 768w, https:\/\/agora.xtec.cat\/ceipsab\/wp-content\/uploads\/usu1011\/2024\/04\/mona1-1536x504.jpg 1536w, https:\/\/agora.xtec.cat\/ceipsab\/wp-content\/uploads\/usu1011\/2024\/04\/mona1.jpg 1876w\" sizes=\"auto, (max-width: 300px) 100vw, 300px\" \/><\/a><\/p>\n<p>&nbsp;<\/p>\n<p>I5B<\/p>\n<p><a href=\"https:\/\/photos.app.goo.gl\/Jg6EjAkVkoZUe1qa8\"><img loading=\"lazy\" decoding=\"async\" class=\"alignnone size-medium wp-image-11497\" src=\"https:\/\/agora.xtec.cat\/ceipsab\/wp-content\/uploads\/usu1011\/2024\/04\/mona2-222x300.jpg\" alt=\"\" width=\"222\" height=\"300\" srcset=\"https:\/\/agora.xtec.cat\/ceipsab\/wp-content\/uploads\/usu1011\/2024\/04\/mona2-222x300.jpg 222w, https:\/\/agora.xtec.cat\/ceipsab\/wp-content\/uploads\/usu1011\/2024\/04\/mona2.jpg 649w\" sizes=\"auto, (max-width: 222px) 100vw, 222px\" \/><\/a><\/p>\n","protected":false},"excerpt":{"rendered":"<p>En tornar de les vacances hem conversat sobre el que fet i les nostres mones. I a l&#8217;escola tamb\u00e9 volien fer la nostra Mona. Abans de tot per poder preparar-la, primer vam llegir la recepta per saber el que necessit\u00e0vem i els passos de la&hellip;  <a href=\"https:\/\/agora.xtec.cat\/ceipsab\/educacio-infantil\/p5\/general\/mona-de-pasqua-i5\/\" title=\"Read MONA DE PASQUA I5\">Llegeix m\u00e9s\u00bb<\/a><\/p>\n","protected":false},"author":7,"featured_media":11492,"comment_status":"open","ping_status":"closed","sticky":false,"template":"","format":"standard","meta":{"_bbp_topic_count":0,"_bbp_reply_count":0,"_bbp_total_topic_count":0,"_bbp_total_reply_count":0,"_bbp_voice_count":0,"_bbp_anonymous_reply_count":0,"_bbp_topic_count_hidden":0,"_bbp_reply_count_hidden":0,"_bbp_forum_subforum_count":0,"footnotes":""},"categories":[62,1,9,4],"tags":[385,364,440,441],"class_list":["post-11496","post","type-post","status-publish","format-standard","has-post-thumbnail","hentry","category-educacio-infantil","category-general","category-p5","category-portada","tag-i5","tag-mona","tag-pasqua","tag-xocolata"],"post_mailing_queue_ids":[],"_links":{"self":[{"href":"https:\/\/agora.xtec.cat\/ceipsab\/wp-json\/wp\/v2\/posts\/11496","targetHints":{"allow":["GET"]}}],"collection":[{"href":"https:\/\/agora.xtec.cat\/ceipsab\/wp-json\/wp\/v2\/posts"}],"about":[{"href":"https:\/\/agora.xtec.cat\/ceipsab\/wp-json\/wp\/v2\/types\/post"}],"author":[{"embeddable":true,"href":"https:\/\/agora.xtec.cat\/ceipsab\/wp-json\/wp\/v2\/users\/7"}],"replies":[{"embeddable":true,"href":"https:\/\/agora.xtec.cat\/ceipsab\/wp-json\/wp\/v2\/comments?post=11496"}],"version-history":[{"count":1,"href":"https:\/\/agora.xtec.cat\/ceipsab\/wp-json\/wp\/v2\/posts\/11496\/revisions"}],"predecessor-version":[{"id":11498,"href":"https:\/\/agora.xtec.cat\/ceipsab\/wp-json\/wp\/v2\/posts\/11496\/revisions\/11498"}],"wp:featuredmedia":[{"embeddable":true,"href":"https:\/\/agora.xtec.cat\/ceipsab\/wp-json\/wp\/v2\/media\/11492"}],"wp:attachment":[{"href":"https:\/\/agora.xtec.cat\/ceipsab\/wp-json\/wp\/v2\/media?parent=11496"}],"wp:term":[{"taxonomy":"category","embeddable":true,"href":"https:\/\/agora.xtec.cat\/ceipsab\/wp-json\/wp\/v2\/categories?post=11496"},{"taxonomy":"post_tag","embeddable":true,"href":"https:\/\/agora.xtec.cat\/ceipsab\/wp-json\/wp\/v2\/tags?post=11496"}],"curies":[{"name":"wp","href":"https:\/\/api.w.org\/{rel}","templated":true}]}}