{"id":11438,"date":"2024-03-22T15:42:43","date_gmt":"2024-03-22T14:42:43","guid":{"rendered":"https:\/\/agora.xtec.cat\/ceipsab\/?p=11438"},"modified":"2024-03-22T15:42:43","modified_gmt":"2024-03-22T14:42:43","slug":"i3-protagonista-2n-trimestre","status":"publish","type":"post","link":"https:\/\/agora.xtec.cat\/ceipsab\/educacio-infantil\/p3\/i3-protagonista-2n-trimestre\/","title":{"rendered":"I3 PROTAGONISTA 2n TRIMESTRE"},"content":{"rendered":"<p>Hola fam\u00edlies!<\/p>\n<p>Aquest 2n trimestre hem continuat amb les activitats del Contacontes familiar i la Capsa de vida. Ens fa molt\u00edssima il\u00b7lusi\u00f3 ser els protagonistes de la setmana! Tamb\u00e9 ens agrada molt que les fam\u00edlies pugueu venir a l&#8217;aula i passar una estoneta amb nosaltres!<\/p>\n<p>Molt\u00edssimes gr\u00e0cies!<\/p>\n<p><a href=\"https:\/\/photos.app.goo.gl\/8ZrwLsbFCksKNYXi6\"><img loading=\"lazy\" decoding=\"async\" class=\"alignnone  wp-image-11440\" src=\"https:\/\/agora.xtec.cat\/ceipsab\/wp-content\/uploads\/usu1011\/2024\/03\/Manos_pinturas_muralesyvinilos_30738557__Monthly_XL.jpg\" alt=\"\" width=\"233\" height=\"156\" srcset=\"https:\/\/agora.xtec.cat\/ceipsab\/wp-content\/uploads\/usu1011\/2024\/03\/Manos_pinturas_muralesyvinilos_30738557__Monthly_XL.jpg 521w, https:\/\/agora.xtec.cat\/ceipsab\/wp-content\/uploads\/usu1011\/2024\/03\/Manos_pinturas_muralesyvinilos_30738557__Monthly_XL-300x202.jpg 300w\" sizes=\"auto, (max-width: 233px) 100vw, 233px\" \/><\/a><\/p>\n","protected":false},"excerpt":{"rendered":"<p>Hola fam\u00edlies!<br \/>\nAquest 2n trimestre hem continuat amb les activitats del Contacontes familiar i la Capsa de vida. Ens fa molt\u00edssima il\u00b7lusi\u00f3 ser els protagonistes de la setmana! Tamb\u00e9 ens agrada molt que les fam\u00edlies pugueu venir a l&#8217;aula i passar una estoneta amb nosaltres!<br \/>\nMolt\u00edssimes gr\u00e0cies!<br \/>\n<a&hellip;  <a href=\"https:\/\/agora.xtec.cat\/ceipsab\/educacio-infantil\/p3\/i3-protagonista-2n-trimestre\/\" title=\"Read I3 PROTAGONISTA 2n TRIMESTRE\">Llegeix m\u00e9s\u00bb<\/a><\/p>\n","protected":false},"author":1,"featured_media":0,"comment_status":"open","ping_status":"closed","sticky":false,"template":"","format":"standard","meta":{"_bbp_topic_count":0,"_bbp_reply_count":0,"_bbp_total_topic_count":0,"_bbp_total_reply_count":0,"_bbp_voice_count":0,"_bbp_anonymous_reply_count":0,"_bbp_topic_count_hidden":0,"_bbp_reply_count_hidden":0,"_bbp_forum_subforum_count":0,"footnotes":""},"categories":[62,3],"tags":[],"class_list":["post-11438","post","type-post","status-publish","format-standard","hentry","category-educacio-infantil","category-p3"],"post_mailing_queue_ids":[],"_links":{"self":[{"href":"https:\/\/agora.xtec.cat\/ceipsab\/wp-json\/wp\/v2\/posts\/11438","targetHints":{"allow":["GET"]}}],"collection":[{"href":"https:\/\/agora.xtec.cat\/ceipsab\/wp-json\/wp\/v2\/posts"}],"about":[{"href":"https:\/\/agora.xtec.cat\/ceipsab\/wp-json\/wp\/v2\/types\/post"}],"author":[{"embeddable":true,"href":"https:\/\/agora.xtec.cat\/ceipsab\/wp-json\/wp\/v2\/users\/1"}],"replies":[{"embeddable":true,"href":"https:\/\/agora.xtec.cat\/ceipsab\/wp-json\/wp\/v2\/comments?post=11438"}],"version-history":[{"count":1,"href":"https:\/\/agora.xtec.cat\/ceipsab\/wp-json\/wp\/v2\/posts\/11438\/revisions"}],"predecessor-version":[{"id":11441,"href":"https:\/\/agora.xtec.cat\/ceipsab\/wp-json\/wp\/v2\/posts\/11438\/revisions\/11441"}],"wp:attachment":[{"href":"https:\/\/agora.xtec.cat\/ceipsab\/wp-json\/wp\/v2\/media?parent=11438"}],"wp:term":[{"taxonomy":"category","embeddable":true,"href":"https:\/\/agora.xtec.cat\/ceipsab\/wp-json\/wp\/v2\/categories?post=11438"},{"taxonomy":"post_tag","embeddable":true,"href":"https:\/\/agora.xtec.cat\/ceipsab\/wp-json\/wp\/v2\/tags?post=11438"}],"curies":[{"name":"wp","href":"https:\/\/api.w.org\/{rel}","templated":true}]}}