{"id":11423,"date":"2024-03-22T12:30:11","date_gmt":"2024-03-22T11:30:11","guid":{"rendered":"https:\/\/agora.xtec.cat\/ceipsab\/?p=11423"},"modified":"2024-06-04T16:28:32","modified_gmt":"2024-06-04T14:28:32","slug":"bosc-vertical-5e-2024","status":"publish","type":"post","link":"https:\/\/agora.xtec.cat\/ceipsab\/educacio-infantil\/p5\/general\/bosc-vertical-5e-2024\/","title":{"rendered":"Bosc vertical 5\u00e8 2024"},"content":{"rendered":"<p>Benvolgudes fam\u00edlies,<\/p>\n<p>Aquesta \u00faltima setmana del trimestre vam fer la sortida al Bosc Vertical de Matar\u00f3. Va ser un dia intens ple d&#8217;aventures entre arbres, ponts i tirolines. Despr\u00e9s vam dinar i ens vam quedar jugant per all\u00e0 una estona fins l&#8217;hora de tornar. Un dia realment divertit i emocionant!<\/p>\n<p>Si voleu veure les fotos feu clic a la seg\u00fcent imatge.<\/p>\n<p>&nbsp;<\/p>\n<p><a href=\"https:\/\/photos.app.goo.gl\/gAmkXAAwuTaxymhk8\"><img loading=\"lazy\" decoding=\"async\" class=\"aligncenter\" src=\"https:\/\/joanmolar.files.wordpress.com\/2016\/06\/boscvertical.jpg\" alt=\"El nou bosc vertical de Matar\u00f3 \u2013 @ Sortides familiars\" width=\"298\" height=\"396\" \/><\/a><\/p>\n","protected":false},"excerpt":{"rendered":"<p>Benvolgudes fam\u00edlies,<br \/>\nAquesta \u00faltima setmana del trimestre vam fer la sortida al Bosc Vertical de Matar\u00f3. Va ser un dia intens ple d&#8217;aventures entre arbres, ponts i tirolines. Despr\u00e9s vam dinar i ens vam quedar jugant per all\u00e0 una estona fins l&#8217;hora de tornar. Un dia&hellip;  <a href=\"https:\/\/agora.xtec.cat\/ceipsab\/educacio-infantil\/p5\/general\/bosc-vertical-5e-2024\/\" title=\"Read Bosc vertical 5\u00e8 2024\">Llegeix m\u00e9s\u00bb<\/a><\/p>\n","protected":false},"author":56,"featured_media":0,"comment_status":"open","ping_status":"closed","sticky":false,"template":"","format":"standard","meta":{"_bbp_topic_count":0,"_bbp_reply_count":0,"_bbp_total_topic_count":0,"_bbp_total_reply_count":0,"_bbp_voice_count":0,"_bbp_anonymous_reply_count":0,"_bbp_topic_count_hidden":0,"_bbp_reply_count_hidden":0,"_bbp_forum_subforum_count":0,"footnotes":""},"categories":[14,1],"tags":[],"class_list":["post-11423","post","type-post","status-publish","format-standard","hentry","category-5e","category-general"],"post_mailing_queue_ids":[],"_links":{"self":[{"href":"https:\/\/agora.xtec.cat\/ceipsab\/wp-json\/wp\/v2\/posts\/11423","targetHints":{"allow":["GET"]}}],"collection":[{"href":"https:\/\/agora.xtec.cat\/ceipsab\/wp-json\/wp\/v2\/posts"}],"about":[{"href":"https:\/\/agora.xtec.cat\/ceipsab\/wp-json\/wp\/v2\/types\/post"}],"author":[{"embeddable":true,"href":"https:\/\/agora.xtec.cat\/ceipsab\/wp-json\/wp\/v2\/users\/56"}],"replies":[{"embeddable":true,"href":"https:\/\/agora.xtec.cat\/ceipsab\/wp-json\/wp\/v2\/comments?post=11423"}],"version-history":[{"count":1,"href":"https:\/\/agora.xtec.cat\/ceipsab\/wp-json\/wp\/v2\/posts\/11423\/revisions"}],"predecessor-version":[{"id":11424,"href":"https:\/\/agora.xtec.cat\/ceipsab\/wp-json\/wp\/v2\/posts\/11423\/revisions\/11424"}],"wp:attachment":[{"href":"https:\/\/agora.xtec.cat\/ceipsab\/wp-json\/wp\/v2\/media?parent=11423"}],"wp:term":[{"taxonomy":"category","embeddable":true,"href":"https:\/\/agora.xtec.cat\/ceipsab\/wp-json\/wp\/v2\/categories?post=11423"},{"taxonomy":"post_tag","embeddable":true,"href":"https:\/\/agora.xtec.cat\/ceipsab\/wp-json\/wp\/v2\/tags?post=11423"}],"curies":[{"name":"wp","href":"https:\/\/api.w.org\/{rel}","templated":true}]}}