{"id":11383,"date":"2024-03-19T14:11:02","date_gmt":"2024-03-19T13:11:02","guid":{"rendered":"https:\/\/agora.xtec.cat\/ceipsab\/?p=11383"},"modified":"2024-03-19T14:11:02","modified_gmt":"2024-03-19T13:11:02","slug":"tallers-matematics-2n-trimestre","status":"publish","type":"post","link":"https:\/\/agora.xtec.cat\/ceipsab\/educacio-infantil\/p5\/tallers-matematics-2n-trimestre\/","title":{"rendered":"TALLERS MATEM\u00c0TICS 2n TRIMESTRE"},"content":{"rendered":"<p>Aquest segon trimestre continuem enfrontant-nos a diversos reptes matem\u00e0tics que ens proposen els nostres amics els Crics. Estem aprenent un munt d&#8217;aspectes matem\u00e0tics diferents! Si ens voleu veure cliqueu les fotos de les classes.<\/p>\n<p><a href=\"https:\/\/photos.app.goo.gl\/i7x2eNXuSYen6jyk9\"><img loading=\"lazy\" decoding=\"async\" class=\"alignnone  wp-image-11371\" src=\"https:\/\/agora.xtec.cat\/ceipsab\/wp-content\/uploads\/usu1011\/2024\/03\/1.jpg\" alt=\"\" width=\"98\" height=\"98\" srcset=\"https:\/\/agora.xtec.cat\/ceipsab\/wp-content\/uploads\/usu1011\/2024\/03\/1.jpg 500w, https:\/\/agora.xtec.cat\/ceipsab\/wp-content\/uploads\/usu1011\/2024\/03\/1-300x300.jpg 300w, https:\/\/agora.xtec.cat\/ceipsab\/wp-content\/uploads\/usu1011\/2024\/03\/1-150x150.jpg 150w\" sizes=\"auto, (max-width: 98px) 100vw, 98px\" \/><\/a> <a href=\"https:\/\/photos.app.goo.gl\/LPvinPoyrYZwB5Lu8\"><img loading=\"lazy\" decoding=\"async\" class=\"alignnone  wp-image-11372\" src=\"https:\/\/agora.xtec.cat\/ceipsab\/wp-content\/uploads\/usu1011\/2024\/03\/2.jpg\" alt=\"\" width=\"98\" height=\"98\" srcset=\"https:\/\/agora.xtec.cat\/ceipsab\/wp-content\/uploads\/usu1011\/2024\/03\/2.jpg 500w, https:\/\/agora.xtec.cat\/ceipsab\/wp-content\/uploads\/usu1011\/2024\/03\/2-300x300.jpg 300w, https:\/\/agora.xtec.cat\/ceipsab\/wp-content\/uploads\/usu1011\/2024\/03\/2-150x150.jpg 150w\" sizes=\"auto, (max-width: 98px) 100vw, 98px\" \/><\/a><\/p>\n","protected":false},"excerpt":{"rendered":"<p>Aquest segon trimestre continuem enfrontant-nos a diversos reptes matem\u00e0tics que ens proposen els nostres amics els Crics. Estem aprenent un munt d&#8217;aspectes matem\u00e0tics diferents! Si ens voleu veure cliqueu les fotos de les classes.<br \/>\n<a href=\"https:\/\/photos.app.goo.gl\/i7x2eNXuSYen6jyk9\"><\/a> <a href=\"https:\/\/photos.app.goo.gl\/LPvinPoyrYZwB5Lu8\"><\/a><\/p>\n","protected":false},"author":25,"featured_media":11384,"comment_status":"closed","ping_status":"closed","sticky":false,"template":"","format":"standard","meta":{"_bbp_topic_count":0,"_bbp_reply_count":0,"_bbp_total_topic_count":0,"_bbp_total_reply_count":0,"_bbp_voice_count":0,"_bbp_anonymous_reply_count":0,"_bbp_topic_count_hidden":0,"_bbp_reply_count_hidden":0,"_bbp_forum_subforum_count":0,"footnotes":""},"categories":[62,9],"tags":[],"class_list":["post-11383","post","type-post","status-publish","format-standard","has-post-thumbnail","hentry","category-educacio-infantil","category-p5"],"post_mailing_queue_ids":[],"_links":{"self":[{"href":"https:\/\/agora.xtec.cat\/ceipsab\/wp-json\/wp\/v2\/posts\/11383","targetHints":{"allow":["GET"]}}],"collection":[{"href":"https:\/\/agora.xtec.cat\/ceipsab\/wp-json\/wp\/v2\/posts"}],"about":[{"href":"https:\/\/agora.xtec.cat\/ceipsab\/wp-json\/wp\/v2\/types\/post"}],"author":[{"embeddable":true,"href":"https:\/\/agora.xtec.cat\/ceipsab\/wp-json\/wp\/v2\/users\/25"}],"replies":[{"embeddable":true,"href":"https:\/\/agora.xtec.cat\/ceipsab\/wp-json\/wp\/v2\/comments?post=11383"}],"version-history":[{"count":1,"href":"https:\/\/agora.xtec.cat\/ceipsab\/wp-json\/wp\/v2\/posts\/11383\/revisions"}],"predecessor-version":[{"id":11385,"href":"https:\/\/agora.xtec.cat\/ceipsab\/wp-json\/wp\/v2\/posts\/11383\/revisions\/11385"}],"wp:featuredmedia":[{"embeddable":true,"href":"https:\/\/agora.xtec.cat\/ceipsab\/wp-json\/wp\/v2\/media\/11384"}],"wp:attachment":[{"href":"https:\/\/agora.xtec.cat\/ceipsab\/wp-json\/wp\/v2\/media?parent=11383"}],"wp:term":[{"taxonomy":"category","embeddable":true,"href":"https:\/\/agora.xtec.cat\/ceipsab\/wp-json\/wp\/v2\/categories?post=11383"},{"taxonomy":"post_tag","embeddable":true,"href":"https:\/\/agora.xtec.cat\/ceipsab\/wp-json\/wp\/v2\/tags?post=11383"}],"curies":[{"name":"wp","href":"https:\/\/api.w.org\/{rel}","templated":true}]}}