{"id":11343,"date":"2024-03-14T16:19:47","date_gmt":"2024-03-14T15:19:47","guid":{"rendered":"https:\/\/agora.xtec.cat\/ceipsab\/?p=11343"},"modified":"2024-03-14T16:21:14","modified_gmt":"2024-03-14T15:21:14","slug":"i3-anem-a-la-granja-2","status":"publish","type":"post","link":"https:\/\/agora.xtec.cat\/ceipsab\/educacio-infantil\/p3\/i3-anem-a-la-granja-2\/","title":{"rendered":"I3 ANEM A LA GRANJA!"},"content":{"rendered":"<p>Hola fam\u00edlies!<\/p>\n<p>Avui els nens i nenes d&#8217;I3 hem anat d&#8217;excursi\u00f3 a la granja Can Pidelaserra de Castellbisbal!<\/p>\n<p>Ens ho hem passat d&#8217;all\u00f2 m\u00e9s b\u00e9 tocant i donant menjar als animals. Hem vist cabres, ovelles, conills, oques, cavalls, porcs, gallines&#8230;i fins i tot una vaca!<\/p>\n<p>Tamb\u00e9 hem pogut jugar durant una estoneta al parc de la granja!<\/p>\n<p>Hem arribat molt cansats! I alguns de nosaltres fins i tot ens hem adormit a l&#8217;autobus!<\/p>\n<p>Ens voleu veure?<\/p>\n<p><a href=\"https:\/\/photos.app.goo.gl\/HNzir52QV83aWtaW6\"><img loading=\"lazy\" decoding=\"async\" class=\"alignnone wp-image-7134\" src=\"https:\/\/agora.xtec.cat\/ceipsab\/wp-content\/uploads\/usu1011\/2021\/02\/GRANJA-1-768x1024.jpg\" alt=\"\" width=\"313\" height=\"418\" srcset=\"https:\/\/agora.xtec.cat\/ceipsab\/wp-content\/uploads\/usu1011\/2021\/02\/GRANJA-1-768x1024.jpg 768w, https:\/\/agora.xtec.cat\/ceipsab\/wp-content\/uploads\/usu1011\/2021\/02\/GRANJA-1-225x300.jpg 225w, https:\/\/agora.xtec.cat\/ceipsab\/wp-content\/uploads\/usu1011\/2021\/02\/GRANJA-1.jpg 1500w\" sizes=\"auto, (max-width: 313px) 100vw, 313px\" \/><\/a><\/p>\n","protected":false},"excerpt":{"rendered":"<p>Hola fam\u00edlies!<br \/>\nAvui els nens i nenes d&#8217;I3 hem anat d&#8217;excursi\u00f3 a la granja Can Pidelaserra de Castellbisbal!<br \/>\nEns ho hem passat d&#8217;all\u00f2 m\u00e9s b\u00e9 tocant i donant menjar als animals. Hem vist cabres, ovelles, conills, oques, cavalls, porcs, gallines&#8230;i fins i tot una vaca!<br \/>\nTamb\u00e9 hem pogut&hellip;  <a href=\"https:\/\/agora.xtec.cat\/ceipsab\/educacio-infantil\/p3\/i3-anem-a-la-granja-2\/\" title=\"Read I3 ANEM A LA GRANJA!\">Llegeix m\u00e9s\u00bb<\/a><\/p>\n","protected":false},"author":1,"featured_media":0,"comment_status":"open","ping_status":"closed","sticky":false,"template":"","format":"standard","meta":{"_bbp_topic_count":0,"_bbp_reply_count":0,"_bbp_total_topic_count":0,"_bbp_total_reply_count":0,"_bbp_voice_count":0,"_bbp_anonymous_reply_count":0,"_bbp_topic_count_hidden":0,"_bbp_reply_count_hidden":0,"_bbp_forum_subforum_count":0,"footnotes":""},"categories":[62,3],"tags":[],"class_list":["post-11343","post","type-post","status-publish","format-standard","hentry","category-educacio-infantil","category-p3"],"post_mailing_queue_ids":[],"_links":{"self":[{"href":"https:\/\/agora.xtec.cat\/ceipsab\/wp-json\/wp\/v2\/posts\/11343","targetHints":{"allow":["GET"]}}],"collection":[{"href":"https:\/\/agora.xtec.cat\/ceipsab\/wp-json\/wp\/v2\/posts"}],"about":[{"href":"https:\/\/agora.xtec.cat\/ceipsab\/wp-json\/wp\/v2\/types\/post"}],"author":[{"embeddable":true,"href":"https:\/\/agora.xtec.cat\/ceipsab\/wp-json\/wp\/v2\/users\/1"}],"replies":[{"embeddable":true,"href":"https:\/\/agora.xtec.cat\/ceipsab\/wp-json\/wp\/v2\/comments?post=11343"}],"version-history":[{"count":2,"href":"https:\/\/agora.xtec.cat\/ceipsab\/wp-json\/wp\/v2\/posts\/11343\/revisions"}],"predecessor-version":[{"id":11345,"href":"https:\/\/agora.xtec.cat\/ceipsab\/wp-json\/wp\/v2\/posts\/11343\/revisions\/11345"}],"wp:attachment":[{"href":"https:\/\/agora.xtec.cat\/ceipsab\/wp-json\/wp\/v2\/media?parent=11343"}],"wp:term":[{"taxonomy":"category","embeddable":true,"href":"https:\/\/agora.xtec.cat\/ceipsab\/wp-json\/wp\/v2\/categories?post=11343"},{"taxonomy":"post_tag","embeddable":true,"href":"https:\/\/agora.xtec.cat\/ceipsab\/wp-json\/wp\/v2\/tags?post=11343"}],"curies":[{"name":"wp","href":"https:\/\/api.w.org\/{rel}","templated":true}]}}