{"id":11338,"date":"2024-03-13T10:33:00","date_gmt":"2024-03-13T09:33:00","guid":{"rendered":"https:\/\/agora.xtec.cat\/ceipsab\/?p=11338"},"modified":"2024-03-13T10:42:01","modified_gmt":"2024-03-13T09:42:01","slug":"coneixem-a-dones-esportistes","status":"publish","type":"post","link":"https:\/\/agora.xtec.cat\/ceipsab\/primaria\/cicle-mitja\/3r\/coneixem-a-dones-esportistes\/","title":{"rendered":"Coneixem a dones esportistes!"},"content":{"rendered":"<p><span class=\"hiddenGrammarError\" style=\"padding-bottom: 2px;background-image: url('..\/..\/..\/..\/..\/images\/squiggle.png');background-repeat: repeat-x;background-position: left bottom;cursor: default;color: #000000;font-family: 'Open Sans', Helvetica, Arial, sans-serif;font-size: 16px;font-style: normal;font-weight: 300;letter-spacing: normal;text-align: start;text-indent: 0px;text-transform: none\">Bon dia<\/span>\u00a0fam\u00edlies!<\/p>\n<p>Durant la setmana del <strong>4<\/strong> al<strong> 8<\/strong> de mar\u00e7 des de l&#8217;\u00e0rea d&#8217;educaci\u00f3 f\u00edsica els grups de <a href=\"https:\/\/photos.app.goo.gl\/ge2woC4wMcegXPFy8\">3r<\/a> i <a href=\"https:\/\/photos.app.goo.gl\/66hNRb6D2NX2s9bt5\">4t<\/a> han gaudit d&#8217;una gimcana de dones esportistes, coincidint amb el<strong> Dia Internacional de la Dona<\/strong>, per tal de donar a con\u00e8ixer diferents dones d&#8217;\u00e8xit\u00a0esportiu com: Serena Williams, Laia Palau, Aitana Bonmat\u00ed i\u00a0<span class=\"hiddenSpellError\">Ana<\/span>\u00a0<span class=\"hiddenSpellError\">Peleteiro<\/span>.<\/p>\n<p><a href=\"https:\/\/agora.xtec.cat\/ceipsab\/wp-content\/uploads\/usu1011\/2024\/03\/3r-EF.jpg\"><img loading=\"lazy\" decoding=\"async\" class=\"wp-image-11339 aligncenter\" src=\"https:\/\/agora.xtec.cat\/ceipsab\/wp-content\/uploads\/usu1011\/2024\/03\/3r-EF-1024x768.jpg\" alt=\"\" width=\"370\" height=\"277\" srcset=\"https:\/\/agora.xtec.cat\/ceipsab\/wp-content\/uploads\/usu1011\/2024\/03\/3r-EF-1024x768.jpg 1024w, https:\/\/agora.xtec.cat\/ceipsab\/wp-content\/uploads\/usu1011\/2024\/03\/3r-EF-300x225.jpg 300w, https:\/\/agora.xtec.cat\/ceipsab\/wp-content\/uploads\/usu1011\/2024\/03\/3r-EF-768x576.jpg 768w, https:\/\/agora.xtec.cat\/ceipsab\/wp-content\/uploads\/usu1011\/2024\/03\/3r-EF-200x150.jpg 200w, https:\/\/agora.xtec.cat\/ceipsab\/wp-content\/uploads\/usu1011\/2024\/03\/3r-EF.jpg 1118w\" sizes=\"auto, (max-width: 370px) 100vw, 370px\" \/><\/a><\/p>\n<p><a href=\"https:\/\/agora.xtec.cat\/ceipsab\/wp-content\/uploads\/usu1011\/2024\/03\/3r-EF-1.jpg\"><img loading=\"lazy\" decoding=\"async\" class=\"wp-image-11340 aligncenter\" src=\"https:\/\/agora.xtec.cat\/ceipsab\/wp-content\/uploads\/usu1011\/2024\/03\/3r-EF-1-1024x768.jpg\" alt=\"\" width=\"371\" height=\"278\" srcset=\"https:\/\/agora.xtec.cat\/ceipsab\/wp-content\/uploads\/usu1011\/2024\/03\/3r-EF-1-1024x768.jpg 1024w, https:\/\/agora.xtec.cat\/ceipsab\/wp-content\/uploads\/usu1011\/2024\/03\/3r-EF-1-300x225.jpg 300w, https:\/\/agora.xtec.cat\/ceipsab\/wp-content\/uploads\/usu1011\/2024\/03\/3r-EF-1-768x576.jpg 768w, https:\/\/agora.xtec.cat\/ceipsab\/wp-content\/uploads\/usu1011\/2024\/03\/3r-EF-1-200x150.jpg 200w, https:\/\/agora.xtec.cat\/ceipsab\/wp-content\/uploads\/usu1011\/2024\/03\/3r-EF-1.jpg 1118w\" sizes=\"auto, (max-width: 371px) 100vw, 371px\" \/><\/a><\/p>\n<p>En petits grups han anat passant pels diferents espais, tot guiant-se d&#8217;un mapa que els ubicava dins el pat\u00ed.<\/p>\n<p>Ha sigut una setmana d&#8217;all\u00f2 m\u00e9s interessant!<\/p>\n<p>Salutacions.<\/p>\n<p>\u00c0lex.<\/p>\n","protected":false},"excerpt":{"rendered":"<p>Bon dia\u00a0fam\u00edlies!<br \/>\nDurant la setmana del 4 al 8 de mar\u00e7 des de l&#8217;\u00e0rea d&#8217;educaci\u00f3 f\u00edsica els grups de <a href=\"https:\/\/photos.app.goo.gl\/ge2woC4wMcegXPFy8\">3r<\/a> i <a href=\"https:\/\/photos.app.goo.gl\/66hNRb6D2NX2s9bt5\">4t<\/a> han gaudit d&#8217;una gimcana de dones esportistes, coincidint amb el Dia Internacional de la Dona, per tal de donar a con\u00e8ixer diferents&hellip;  <a href=\"https:\/\/agora.xtec.cat\/ceipsab\/primaria\/cicle-mitja\/3r\/coneixem-a-dones-esportistes\/\" title=\"Read Coneixem a dones esportistes!\">Llegeix m\u00e9s\u00bb<\/a><\/p>\n","protected":false},"author":1,"featured_media":0,"comment_status":"open","ping_status":"closed","sticky":false,"template":"","format":"standard","meta":{"_bbp_topic_count":0,"_bbp_reply_count":0,"_bbp_total_topic_count":0,"_bbp_total_reply_count":0,"_bbp_voice_count":0,"_bbp_anonymous_reply_count":0,"_bbp_topic_count_hidden":0,"_bbp_reply_count_hidden":0,"_bbp_forum_subforum_count":0,"footnotes":""},"categories":[12,13,64,66],"tags":[],"class_list":["post-11338","post","type-post","status-publish","format-standard","hentry","category-3r","category-4t","category-cicle-mitja","category-educacio-fisica"],"post_mailing_queue_ids":[],"_links":{"self":[{"href":"https:\/\/agora.xtec.cat\/ceipsab\/wp-json\/wp\/v2\/posts\/11338","targetHints":{"allow":["GET"]}}],"collection":[{"href":"https:\/\/agora.xtec.cat\/ceipsab\/wp-json\/wp\/v2\/posts"}],"about":[{"href":"https:\/\/agora.xtec.cat\/ceipsab\/wp-json\/wp\/v2\/types\/post"}],"author":[{"embeddable":true,"href":"https:\/\/agora.xtec.cat\/ceipsab\/wp-json\/wp\/v2\/users\/1"}],"replies":[{"embeddable":true,"href":"https:\/\/agora.xtec.cat\/ceipsab\/wp-json\/wp\/v2\/comments?post=11338"}],"version-history":[{"count":2,"href":"https:\/\/agora.xtec.cat\/ceipsab\/wp-json\/wp\/v2\/posts\/11338\/revisions"}],"predecessor-version":[{"id":11342,"href":"https:\/\/agora.xtec.cat\/ceipsab\/wp-json\/wp\/v2\/posts\/11338\/revisions\/11342"}],"wp:attachment":[{"href":"https:\/\/agora.xtec.cat\/ceipsab\/wp-json\/wp\/v2\/media?parent=11338"}],"wp:term":[{"taxonomy":"category","embeddable":true,"href":"https:\/\/agora.xtec.cat\/ceipsab\/wp-json\/wp\/v2\/categories?post=11338"},{"taxonomy":"post_tag","embeddable":true,"href":"https:\/\/agora.xtec.cat\/ceipsab\/wp-json\/wp\/v2\/tags?post=11338"}],"curies":[{"name":"wp","href":"https:\/\/api.w.org\/{rel}","templated":true}]}}