{"id":11322,"date":"2024-03-07T13:45:23","date_gmt":"2024-03-07T12:45:23","guid":{"rendered":"https:\/\/agora.xtec.cat\/ceipsab\/?p=11322"},"modified":"2024-03-07T13:45:23","modified_gmt":"2024-03-07T12:45:23","slug":"congres-de-ciencia-els-ambients-els-imants-magia-o-ciencia","status":"publish","type":"post","link":"https:\/\/agora.xtec.cat\/ceipsab\/portada\/congres-de-ciencia-els-ambients-els-imants-magia-o-ciencia\/","title":{"rendered":"CONGR\u00c9S DE CI\u00c8NCIA ELS AMBIENTS: ELS IMANTS M\u00c0GIA O CI\u00c8NCIA?"},"content":{"rendered":"<p><span style=\"font-weight: 400;\">El passat 5 de mar\u00e7, els alumnes d&#8217;I5\u00a0 vam participar en el 8\u00e8 congr\u00e9s de ci\u00e8ncia del Baix Llobregat que es va celebrar al Centre cultural de Martorell.<\/span><\/p>\n<p><span style=\"font-weight: 400;\">All\u00e0 vam veure i escoltar a altres escoles exposar les seves investigacions. I nosaltres hem presentat la nostra pon\u00e8ncia sobre l&#8217;ambient de ci\u00e8ncies que fem a l&#8217;escola titulada: Ambients: Els imants, m\u00e0gia o ci\u00e8ncia?<\/span><\/p>\n<p><span style=\"font-weight: 400;\">Cal dir que ho vam fer tots genial!<\/span><\/p>\n<p><span style=\"font-weight: 400;\">En acabar ens van donar un diploma i una revista amb els nostres noms.<\/span><\/p>\n<p><span style=\"font-weight: 400;\">Ha sigut tota una experi\u00e8ncia que ens ha encantat.<\/span><\/p>\n<p><span style=\"font-weight: 400;\">Cliqueu per veure el v\u00eddeo de la presentaci\u00f3 i les fotos.<\/span><\/p>\n<p><a href=\"https:\/\/photos.app.goo.gl\/PrDUGkmJ4YWXx9fT7\"><img loading=\"lazy\" decoding=\"async\" class=\"alignnone size-medium wp-image-11323\" src=\"https:\/\/agora.xtec.cat\/ceipsab\/wp-content\/uploads\/usu1011\/2024\/03\/Captura-de-pantalla-2024-03-07-131547-300x161.jpg\" alt=\"\" width=\"300\" height=\"161\" srcset=\"https:\/\/agora.xtec.cat\/ceipsab\/wp-content\/uploads\/usu1011\/2024\/03\/Captura-de-pantalla-2024-03-07-131547-300x161.jpg 300w, https:\/\/agora.xtec.cat\/ceipsab\/wp-content\/uploads\/usu1011\/2024\/03\/Captura-de-pantalla-2024-03-07-131547-1024x550.jpg 1024w, https:\/\/agora.xtec.cat\/ceipsab\/wp-content\/uploads\/usu1011\/2024\/03\/Captura-de-pantalla-2024-03-07-131547-768x413.jpg 768w, https:\/\/agora.xtec.cat\/ceipsab\/wp-content\/uploads\/usu1011\/2024\/03\/Captura-de-pantalla-2024-03-07-131547.jpg 1033w\" sizes=\"auto, (max-width: 300px) 100vw, 300px\" \/><\/a><\/p>\n<p>&nbsp;<\/p>\n","protected":false},"excerpt":{"rendered":"<p>El passat 5 de mar\u00e7, els alumnes d&#8217;I5\u00a0 vam participar en el 8\u00e8 congr\u00e9s de ci\u00e8ncia del Baix Llobregat que es va celebrar al Centre cultural de Martorell.<br \/>\nAll\u00e0 vam veure i escoltar a altres escoles exposar les seves investigacions. I nosaltres hem presentat la nostra&hellip;  <a href=\"https:\/\/agora.xtec.cat\/ceipsab\/portada\/congres-de-ciencia-els-ambients-els-imants-magia-o-ciencia\/\" title=\"Read CONGR\u00c9S DE CI\u00c8NCIA ELS AMBIENTS: ELS IMANTS M\u00c0GIA O CI\u00c8NCIA?\">Llegeix m\u00e9s\u00bb<\/a><\/p>\n","protected":false},"author":7,"featured_media":11323,"comment_status":"open","ping_status":"closed","sticky":false,"template":"","format":"standard","meta":{"_bbp_topic_count":0,"_bbp_reply_count":0,"_bbp_total_topic_count":0,"_bbp_total_reply_count":0,"_bbp_voice_count":0,"_bbp_anonymous_reply_count":0,"_bbp_topic_count_hidden":0,"_bbp_reply_count_hidden":0,"_bbp_forum_subforum_count":0,"footnotes":""},"categories":[62,9,4],"tags":[],"class_list":["post-11322","post","type-post","status-publish","format-standard","has-post-thumbnail","hentry","category-educacio-infantil","category-p5","category-portada"],"post_mailing_queue_ids":[],"_links":{"self":[{"href":"https:\/\/agora.xtec.cat\/ceipsab\/wp-json\/wp\/v2\/posts\/11322","targetHints":{"allow":["GET"]}}],"collection":[{"href":"https:\/\/agora.xtec.cat\/ceipsab\/wp-json\/wp\/v2\/posts"}],"about":[{"href":"https:\/\/agora.xtec.cat\/ceipsab\/wp-json\/wp\/v2\/types\/post"}],"author":[{"embeddable":true,"href":"https:\/\/agora.xtec.cat\/ceipsab\/wp-json\/wp\/v2\/users\/7"}],"replies":[{"embeddable":true,"href":"https:\/\/agora.xtec.cat\/ceipsab\/wp-json\/wp\/v2\/comments?post=11322"}],"version-history":[{"count":3,"href":"https:\/\/agora.xtec.cat\/ceipsab\/wp-json\/wp\/v2\/posts\/11322\/revisions"}],"predecessor-version":[{"id":11330,"href":"https:\/\/agora.xtec.cat\/ceipsab\/wp-json\/wp\/v2\/posts\/11322\/revisions\/11330"}],"wp:featuredmedia":[{"embeddable":true,"href":"https:\/\/agora.xtec.cat\/ceipsab\/wp-json\/wp\/v2\/media\/11323"}],"wp:attachment":[{"href":"https:\/\/agora.xtec.cat\/ceipsab\/wp-json\/wp\/v2\/media?parent=11322"}],"wp:term":[{"taxonomy":"category","embeddable":true,"href":"https:\/\/agora.xtec.cat\/ceipsab\/wp-json\/wp\/v2\/categories?post=11322"},{"taxonomy":"post_tag","embeddable":true,"href":"https:\/\/agora.xtec.cat\/ceipsab\/wp-json\/wp\/v2\/tags?post=11322"}],"curies":[{"name":"wp","href":"https:\/\/api.w.org\/{rel}","templated":true}]}}