{"id":11294,"date":"2024-03-01T12:30:52","date_gmt":"2024-03-01T11:30:52","guid":{"rendered":"https:\/\/agora.xtec.cat\/ceipsab\/?p=11294"},"modified":"2024-03-01T12:30:52","modified_gmt":"2024-03-01T11:30:52","slug":"musica-dentrades-i-sortides-un-homenatge-a-les-dones","status":"publish","type":"post","link":"https:\/\/agora.xtec.cat\/ceipsab\/portada\/musica-dentrades-i-sortides-un-homenatge-a-les-dones\/","title":{"rendered":"M\u00fasica d&#8217;entrades i sortides: Un Homenatge a les Dones"},"content":{"rendered":"<p>Benvingudes a un mes dedicat a la celebraci\u00f3 de la for\u00e7a, la resili\u00e8ncia i la lluita de les dones!<br \/>\nDurant tot el mes de mar\u00e7 ,ens unim a la commemoraci\u00f3 del moviment feminista escoltant una ampla varietat de veus femenines de diferents estils, \u00e8poques i proced\u00e8ncies.<br \/>\nCelebrem la diversitat i l a riquesa de les experi\u00e8ncies femenines a trav\u00e9s de la m\u00fasica que sonar\u00e0 en les entrades i sortides.<\/p>\n<p>Aqu\u00ed us deixem la \u00a0<a href=\"https:\/\/open.spotify.com\/playlist\/2PgCEPD8C2K6eh4VnsfjkB?si=d290468eb95049b2\" target=\"_blank\" rel=\"noopener\" data-saferedirecturl=\"https:\/\/www.google.com\/url?q=https:\/\/open.spotify.com\/playlist\/2PgCEPD8C2K6eh4VnsfjkB?si%3Dd290468eb95049b2&amp;source=gmail&amp;ust=1709363239699000&amp;usg=AOvVaw1MTKgG4qsFQEqrgNDiIFB1\">llista d&#8217;Spotify (clica)<\/a> perqu\u00e8 gaudiu d&#8217;aquesta varietat de veus.<\/p>\n<p><img loading=\"lazy\" decoding=\"async\" class=\"aligncenter  wp-image-11295\" src=\"https:\/\/agora.xtec.cat\/ceipsab\/wp-content\/uploads\/usu1011\/2024\/03\/Marc-feminista_page-0001.jpg\" alt=\"\" width=\"1077\" height=\"1522\" srcset=\"https:\/\/agora.xtec.cat\/ceipsab\/wp-content\/uploads\/usu1011\/2024\/03\/Marc-feminista_page-0001.jpg 1755w, https:\/\/agora.xtec.cat\/ceipsab\/wp-content\/uploads\/usu1011\/2024\/03\/Marc-feminista_page-0001-212x300.jpg 212w, https:\/\/agora.xtec.cat\/ceipsab\/wp-content\/uploads\/usu1011\/2024\/03\/Marc-feminista_page-0001-725x1024.jpg 725w, https:\/\/agora.xtec.cat\/ceipsab\/wp-content\/uploads\/usu1011\/2024\/03\/Marc-feminista_page-0001-768x1085.jpg 768w, https:\/\/agora.xtec.cat\/ceipsab\/wp-content\/uploads\/usu1011\/2024\/03\/Marc-feminista_page-0001-1087x1536.jpg 1087w, https:\/\/agora.xtec.cat\/ceipsab\/wp-content\/uploads\/usu1011\/2024\/03\/Marc-feminista_page-0001-1449x2048.jpg 1449w\" sizes=\"auto, (max-width: 1077px) 100vw, 1077px\" \/><\/p>\n<p>&nbsp;<\/p>\n","protected":false},"excerpt":{"rendered":"<p>Benvingudes a un mes dedicat a la celebraci\u00f3 de la for\u00e7a, la resili\u00e8ncia i la lluita de les dones!<br \/>\nDurant tot el mes de mar\u00e7 ,ens unim a la commemoraci\u00f3 del moviment feminista escoltant una ampla varietat de veus femenines de diferents estils, \u00e8poques i proced\u00e8ncies.<br \/>\nCelebrem&hellip;  <a href=\"https:\/\/agora.xtec.cat\/ceipsab\/portada\/musica-dentrades-i-sortides-un-homenatge-a-les-dones\/\" title=\"Read M\u00fasica d&#8217;entrades i sortides: Un Homenatge a les Dones\">Llegeix m\u00e9s\u00bb<\/a><\/p>\n","protected":false},"author":3,"featured_media":11295,"comment_status":"open","ping_status":"closed","sticky":false,"template":"","format":"standard","meta":{"_bbp_topic_count":0,"_bbp_reply_count":0,"_bbp_total_topic_count":0,"_bbp_total_reply_count":0,"_bbp_voice_count":0,"_bbp_anonymous_reply_count":0,"_bbp_topic_count_hidden":0,"_bbp_reply_count_hidden":0,"_bbp_forum_subforum_count":0,"footnotes":""},"categories":[4],"tags":[175],"class_list":["post-11294","post","type-post","status-publish","format-standard","has-post-thumbnail","hentry","category-portada","tag-musica"],"post_mailing_queue_ids":[],"_links":{"self":[{"href":"https:\/\/agora.xtec.cat\/ceipsab\/wp-json\/wp\/v2\/posts\/11294","targetHints":{"allow":["GET"]}}],"collection":[{"href":"https:\/\/agora.xtec.cat\/ceipsab\/wp-json\/wp\/v2\/posts"}],"about":[{"href":"https:\/\/agora.xtec.cat\/ceipsab\/wp-json\/wp\/v2\/types\/post"}],"author":[{"embeddable":true,"href":"https:\/\/agora.xtec.cat\/ceipsab\/wp-json\/wp\/v2\/users\/3"}],"replies":[{"embeddable":true,"href":"https:\/\/agora.xtec.cat\/ceipsab\/wp-json\/wp\/v2\/comments?post=11294"}],"version-history":[{"count":2,"href":"https:\/\/agora.xtec.cat\/ceipsab\/wp-json\/wp\/v2\/posts\/11294\/revisions"}],"predecessor-version":[{"id":11297,"href":"https:\/\/agora.xtec.cat\/ceipsab\/wp-json\/wp\/v2\/posts\/11294\/revisions\/11297"}],"wp:featuredmedia":[{"embeddable":true,"href":"https:\/\/agora.xtec.cat\/ceipsab\/wp-json\/wp\/v2\/media\/11295"}],"wp:attachment":[{"href":"https:\/\/agora.xtec.cat\/ceipsab\/wp-json\/wp\/v2\/media?parent=11294"}],"wp:term":[{"taxonomy":"category","embeddable":true,"href":"https:\/\/agora.xtec.cat\/ceipsab\/wp-json\/wp\/v2\/categories?post=11294"},{"taxonomy":"post_tag","embeddable":true,"href":"https:\/\/agora.xtec.cat\/ceipsab\/wp-json\/wp\/v2\/tags?post=11294"}],"curies":[{"name":"wp","href":"https:\/\/api.w.org\/{rel}","templated":true}]}}