{"id":11254,"date":"2024-02-19T00:22:44","date_gmt":"2024-02-18T23:22:44","guid":{"rendered":"https:\/\/agora.xtec.cat\/ceipsab\/?p=11254"},"modified":"2024-02-19T00:22:44","modified_gmt":"2024-02-18T23:22:44","slug":"1ra-carnaval-2024","status":"publish","type":"post","link":"https:\/\/agora.xtec.cat\/ceipsab\/primaria\/1ra-carnaval-2024\/","title":{"rendered":"1rA: CARNAVAL 2024"},"content":{"rendered":"<p>&nbsp;<\/p>\n<p>Divendres 2 de febrer vam anar a rebre al Rei Carnestoltes al pati de l\u00b4Escola. Vam escoltar la batucada que hav\u00eden preparat els alumnes m\u00e9s grans i es van llegir les consignes de la setmana seg\u00fcent: anar vestits de negre, d&#8217;esports , amb pijama i amb davantal.<\/p>\n<p>Divendres 9 ens vam disfressar com vam voler i vam fer les danses, que vam preparar a Educaci\u00f3 Art\u00edstica, davant de les fam\u00edlies. Va estar una tarda molt festiva, acolorida i musical.<\/p>\n<p>Si voleu veure fotos cliqueu <a href=\"https:\/\/photos.app.goo.gl\/4gczmqEfcG7cc4EA7\">aqu\u00ed.<\/a><\/p>\n","protected":false},"excerpt":{"rendered":"<p>&nbsp;<br \/>\nDivendres 2 de febrer vam anar a rebre al Rei Carnestoltes al pati de l\u00b4Escola. Vam escoltar la batucada que hav\u00eden preparat els alumnes m\u00e9s grans i es van llegir les consignes de la setmana seg\u00fcent: anar vestits de negre, d&#8217;esports , amb pijama i&hellip;  <a href=\"https:\/\/agora.xtec.cat\/ceipsab\/primaria\/1ra-carnaval-2024\/\" title=\"Read 1rA: CARNAVAL 2024\">Llegeix m\u00e9s\u00bb<\/a><\/p>\n","protected":false},"author":1,"featured_media":11258,"comment_status":"open","ping_status":"closed","sticky":false,"template":"","format":"standard","meta":{"_bbp_topic_count":0,"_bbp_reply_count":0,"_bbp_total_topic_count":0,"_bbp_total_reply_count":0,"_bbp_voice_count":0,"_bbp_anonymous_reply_count":0,"_bbp_topic_count_hidden":0,"_bbp_reply_count_hidden":0,"_bbp_forum_subforum_count":0,"footnotes":""},"categories":[10,63,5],"tags":[],"class_list":["post-11254","post","type-post","status-publish","format-standard","has-post-thumbnail","hentry","category-1r","category-cicle-inicial","category-primaria"],"post_mailing_queue_ids":[],"_links":{"self":[{"href":"https:\/\/agora.xtec.cat\/ceipsab\/wp-json\/wp\/v2\/posts\/11254","targetHints":{"allow":["GET"]}}],"collection":[{"href":"https:\/\/agora.xtec.cat\/ceipsab\/wp-json\/wp\/v2\/posts"}],"about":[{"href":"https:\/\/agora.xtec.cat\/ceipsab\/wp-json\/wp\/v2\/types\/post"}],"author":[{"embeddable":true,"href":"https:\/\/agora.xtec.cat\/ceipsab\/wp-json\/wp\/v2\/users\/1"}],"replies":[{"embeddable":true,"href":"https:\/\/agora.xtec.cat\/ceipsab\/wp-json\/wp\/v2\/comments?post=11254"}],"version-history":[{"count":2,"href":"https:\/\/agora.xtec.cat\/ceipsab\/wp-json\/wp\/v2\/posts\/11254\/revisions"}],"predecessor-version":[{"id":11260,"href":"https:\/\/agora.xtec.cat\/ceipsab\/wp-json\/wp\/v2\/posts\/11254\/revisions\/11260"}],"wp:featuredmedia":[{"embeddable":true,"href":"https:\/\/agora.xtec.cat\/ceipsab\/wp-json\/wp\/v2\/media\/11258"}],"wp:attachment":[{"href":"https:\/\/agora.xtec.cat\/ceipsab\/wp-json\/wp\/v2\/media?parent=11254"}],"wp:term":[{"taxonomy":"category","embeddable":true,"href":"https:\/\/agora.xtec.cat\/ceipsab\/wp-json\/wp\/v2\/categories?post=11254"},{"taxonomy":"post_tag","embeddable":true,"href":"https:\/\/agora.xtec.cat\/ceipsab\/wp-json\/wp\/v2\/tags?post=11254"}],"curies":[{"name":"wp","href":"https:\/\/api.w.org\/{rel}","templated":true}]}}