{"id":11197,"date":"2024-02-06T08:41:16","date_gmt":"2024-02-06T07:41:16","guid":{"rendered":"https:\/\/agora.xtec.cat\/ceipsab\/?p=11197"},"modified":"2024-02-06T08:41:16","modified_gmt":"2024-02-06T07:41:16","slug":"taller-de-percussio-musical-amb-4t","status":"publish","type":"post","link":"https:\/\/agora.xtec.cat\/ceipsab\/primaria\/taller-de-percussio-musical-amb-4t\/","title":{"rendered":"TALLER DE PERCUSSI\u00d3 MUSICAL AMB 4t"},"content":{"rendered":"<p>L&#8217;alumnat de 4t va gaudir el passat dilluns 5 de febrer d&#8217;un taller de percussi\u00f3 de molt\u00edssima qualitat.<\/p>\n<p>Us deixem instant\u00e0nies i v\u00eddeos per veure&#8217;ls passar-ho d&#8217;all\u00f2 m\u00e9s b\u00e9.<\/p>\n<p>&nbsp;<\/p>\n<p><a href=\"https:\/\/photos.app.goo.gl\/bExxxYXf3F898Exr8\"><img loading=\"lazy\" decoding=\"async\" class=\"alignnone wp-image-11198 size-full\" src=\"https:\/\/agora.xtec.cat\/ceipsab\/wp-content\/uploads\/usu1011\/2024\/02\/H6707ff5aa9d9460bae7e94d1086cdbc41.jpg_640x640q90.webp\" alt=\"\" width=\"640\" height=\"640\" srcset=\"https:\/\/agora.xtec.cat\/ceipsab\/wp-content\/uploads\/usu1011\/2024\/02\/H6707ff5aa9d9460bae7e94d1086cdbc41.jpg_640x640q90.webp 640w, https:\/\/agora.xtec.cat\/ceipsab\/wp-content\/uploads\/usu1011\/2024\/02\/H6707ff5aa9d9460bae7e94d1086cdbc41.jpg_640x640q90-300x300.webp 300w, https:\/\/agora.xtec.cat\/ceipsab\/wp-content\/uploads\/usu1011\/2024\/02\/H6707ff5aa9d9460bae7e94d1086cdbc41.jpg_640x640q90-150x150.webp 150w\" sizes=\"auto, (max-width: 640px) 100vw, 640px\" \/><\/a><\/p>\n","protected":false},"excerpt":{"rendered":"<p>L&#8217;alumnat de 4t va gaudir el passat dilluns 5 de febrer d&#8217;un taller de percussi\u00f3 de molt\u00edssima qualitat.<br \/>\nUs deixem instant\u00e0nies i v\u00eddeos per veure&#8217;ls passar-ho d&#8217;all\u00f2 m\u00e9s b\u00e9.<br \/>\n&nbsp;<br \/>\n<a href=\"https:\/\/photos.app.goo.gl\/bExxxYXf3F898Exr8\"><\/a><\/p>\n","protected":false},"author":1,"featured_media":11198,"comment_status":"open","ping_status":"closed","sticky":false,"template":"","format":"standard","meta":{"_bbp_topic_count":0,"_bbp_reply_count":0,"_bbp_total_topic_count":0,"_bbp_total_reply_count":0,"_bbp_voice_count":0,"_bbp_anonymous_reply_count":0,"_bbp_topic_count_hidden":0,"_bbp_reply_count_hidden":0,"_bbp_forum_subforum_count":0,"footnotes":""},"categories":[13,64,5],"tags":[419,114,175,356,92,430],"class_list":["post-11197","post","type-post","status-publish","format-standard","has-post-thumbnail","hentry","category-4t","category-cicle-mitja","category-primaria","tag-comunitatgrans","tag-escolasab","tag-musica","tag-percussio","tag-quart","tag-tallersdequalitat"],"post_mailing_queue_ids":[],"_links":{"self":[{"href":"https:\/\/agora.xtec.cat\/ceipsab\/wp-json\/wp\/v2\/posts\/11197","targetHints":{"allow":["GET"]}}],"collection":[{"href":"https:\/\/agora.xtec.cat\/ceipsab\/wp-json\/wp\/v2\/posts"}],"about":[{"href":"https:\/\/agora.xtec.cat\/ceipsab\/wp-json\/wp\/v2\/types\/post"}],"author":[{"embeddable":true,"href":"https:\/\/agora.xtec.cat\/ceipsab\/wp-json\/wp\/v2\/users\/1"}],"replies":[{"embeddable":true,"href":"https:\/\/agora.xtec.cat\/ceipsab\/wp-json\/wp\/v2\/comments?post=11197"}],"version-history":[{"count":1,"href":"https:\/\/agora.xtec.cat\/ceipsab\/wp-json\/wp\/v2\/posts\/11197\/revisions"}],"predecessor-version":[{"id":11199,"href":"https:\/\/agora.xtec.cat\/ceipsab\/wp-json\/wp\/v2\/posts\/11197\/revisions\/11199"}],"wp:featuredmedia":[{"embeddable":true,"href":"https:\/\/agora.xtec.cat\/ceipsab\/wp-json\/wp\/v2\/media\/11198"}],"wp:attachment":[{"href":"https:\/\/agora.xtec.cat\/ceipsab\/wp-json\/wp\/v2\/media?parent=11197"}],"wp:term":[{"taxonomy":"category","embeddable":true,"href":"https:\/\/agora.xtec.cat\/ceipsab\/wp-json\/wp\/v2\/categories?post=11197"},{"taxonomy":"post_tag","embeddable":true,"href":"https:\/\/agora.xtec.cat\/ceipsab\/wp-json\/wp\/v2\/tags?post=11197"}],"curies":[{"name":"wp","href":"https:\/\/api.w.org\/{rel}","templated":true}]}}