{"id":11167,"date":"2024-02-02T19:25:02","date_gmt":"2024-02-02T18:25:02","guid":{"rendered":"https:\/\/agora.xtec.cat\/ceipsab\/?p=11167"},"modified":"2024-02-02T19:25:02","modified_gmt":"2024-02-02T18:25:02","slug":"teatre-de-musica-a-lauditori-i5","status":"publish","type":"post","link":"https:\/\/agora.xtec.cat\/ceipsab\/educacio-infantil\/p5\/general\/teatre-de-musica-a-lauditori-i5\/","title":{"rendered":"TEATRE DE M\u00daSICA A L\u2019AUDITORI I5"},"content":{"rendered":"<p><span style=\"font-weight: 400;\">El passat 18 de gener els infants d\u2019I5 hem anat a l\u2019auditori de Barcelona a veure l\u2019obra musical \u201cPica-so\u201d. A les sessions de m\u00fasica hav\u00edem sentit i gaudit les seves can\u00e7ons i audicions. I per aix\u00f2, encara ens va agradar m\u00e9s.<\/span><\/p>\n<p><span style=\"font-weight: 400;\">Aqu\u00ed us deixem algunes fotos.<\/span><\/p>\n<p><a href=\"https:\/\/photos.app.goo.gl\/n1GstcWJQsymtoNQA\"><img loading=\"lazy\" decoding=\"async\" class=\"alignnone size-medium wp-image-11172\" src=\"https:\/\/agora.xtec.cat\/ceipsab\/wp-content\/uploads\/usu1011\/2024\/02\/Captura-de-pantalla-2024-02-02-192206-300x163.jpg\" alt=\"\" width=\"300\" height=\"163\" srcset=\"https:\/\/agora.xtec.cat\/ceipsab\/wp-content\/uploads\/usu1011\/2024\/02\/Captura-de-pantalla-2024-02-02-192206-300x163.jpg 300w, https:\/\/agora.xtec.cat\/ceipsab\/wp-content\/uploads\/usu1011\/2024\/02\/Captura-de-pantalla-2024-02-02-192206.jpg 498w\" sizes=\"auto, (max-width: 300px) 100vw, 300px\" \/><\/a><\/p>\n<p>&nbsp;<\/p>\n","protected":false},"excerpt":{"rendered":"<p>El passat 18 de gener els infants d\u2019I5 hem anat a l\u2019auditori de Barcelona a veure l\u2019obra musical \u201cPica-so\u201d. A les sessions de m\u00fasica hav\u00edem sentit i gaudit les seves can\u00e7ons i audicions. I per aix\u00f2, encara ens va agradar m\u00e9s.<br \/>\nAqu\u00ed us deixem algunes fotos.<br \/>\n<a&hellip;  <a href=\"https:\/\/agora.xtec.cat\/ceipsab\/educacio-infantil\/p5\/general\/teatre-de-musica-a-lauditori-i5\/\" title=\"Read TEATRE DE M\u00daSICA A L\u2019AUDITORI I5\">Llegeix m\u00e9s\u00bb<\/a><\/p>\n","protected":false},"author":7,"featured_media":11172,"comment_status":"open","ping_status":"closed","sticky":false,"template":"","format":"standard","meta":{"_bbp_topic_count":0,"_bbp_reply_count":0,"_bbp_total_topic_count":0,"_bbp_total_reply_count":0,"_bbp_voice_count":0,"_bbp_anonymous_reply_count":0,"_bbp_topic_count_hidden":0,"_bbp_reply_count_hidden":0,"_bbp_forum_subforum_count":0,"footnotes":""},"categories":[1,9],"tags":[427,385,175,128],"class_list":["post-11167","post","type-post","status-publish","format-standard","has-post-thumbnail","hentry","category-general","category-p5","tag-auditori","tag-i5","tag-musica","tag-teatre"],"post_mailing_queue_ids":[],"_links":{"self":[{"href":"https:\/\/agora.xtec.cat\/ceipsab\/wp-json\/wp\/v2\/posts\/11167","targetHints":{"allow":["GET"]}}],"collection":[{"href":"https:\/\/agora.xtec.cat\/ceipsab\/wp-json\/wp\/v2\/posts"}],"about":[{"href":"https:\/\/agora.xtec.cat\/ceipsab\/wp-json\/wp\/v2\/types\/post"}],"author":[{"embeddable":true,"href":"https:\/\/agora.xtec.cat\/ceipsab\/wp-json\/wp\/v2\/users\/7"}],"replies":[{"embeddable":true,"href":"https:\/\/agora.xtec.cat\/ceipsab\/wp-json\/wp\/v2\/comments?post=11167"}],"version-history":[{"count":2,"href":"https:\/\/agora.xtec.cat\/ceipsab\/wp-json\/wp\/v2\/posts\/11167\/revisions"}],"predecessor-version":[{"id":11173,"href":"https:\/\/agora.xtec.cat\/ceipsab\/wp-json\/wp\/v2\/posts\/11167\/revisions\/11173"}],"wp:featuredmedia":[{"embeddable":true,"href":"https:\/\/agora.xtec.cat\/ceipsab\/wp-json\/wp\/v2\/media\/11172"}],"wp:attachment":[{"href":"https:\/\/agora.xtec.cat\/ceipsab\/wp-json\/wp\/v2\/media?parent=11167"}],"wp:term":[{"taxonomy":"category","embeddable":true,"href":"https:\/\/agora.xtec.cat\/ceipsab\/wp-json\/wp\/v2\/categories?post=11167"},{"taxonomy":"post_tag","embeddable":true,"href":"https:\/\/agora.xtec.cat\/ceipsab\/wp-json\/wp\/v2\/tags?post=11167"}],"curies":[{"name":"wp","href":"https:\/\/api.w.org\/{rel}","templated":true}]}}