{"id":11110,"date":"2023-12-25T12:33:16","date_gmt":"2023-12-25T11:33:16","guid":{"rendered":"https:\/\/agora.xtec.cat\/ceipsab\/?p=11110"},"modified":"2023-12-25T13:48:28","modified_gmt":"2023-12-25T12:48:28","slug":"merry-christmas%f0%9f%8e%84%e2%9c%a8","status":"publish","type":"post","link":"https:\/\/agora.xtec.cat\/ceipsab\/educacio-infantil\/p3\/merry-christmas%f0%9f%8e%84%e2%9c%a8\/","title":{"rendered":"Merry Christmas!!!\ud83c\udf84\ud83c\udf84"},"content":{"rendered":"<p>The last week of school before Christmas we decorated a bauble with the colors that we have learned; blue, green, yellow and orange. If you want, you can hang it on your Christmas tree. Merry Christmas families!!!<\/p>\n<p>&nbsp;<\/p>\n<p>L&#8217;\u00faltima setmana d&#8217;escola abans de Nadal vam decorar una bola amb els colors que hem apr\u00e8s; blau, verd, groc i taronja. Si voleu, la podeu penjar del vostre arbre de Nadal. Bon Nadal fam\u00edlies!!!<\/p>\n<p><a href=\"https:\/\/agora.xtec.cat\/ceipsab\/wp-content\/uploads\/usu1011\/2023\/12\/I3A.jpg\"><img loading=\"lazy\" decoding=\"async\" class=\"alignnone size-large wp-image-11111\" src=\"https:\/\/agora.xtec.cat\/ceipsab\/wp-content\/uploads\/usu1011\/2023\/12\/I3A-1024x765.jpg\" alt=\"\" width=\"1024\" height=\"765\" srcset=\"https:\/\/agora.xtec.cat\/ceipsab\/wp-content\/uploads\/usu1011\/2023\/12\/I3A-1024x765.jpg 1024w, https:\/\/agora.xtec.cat\/ceipsab\/wp-content\/uploads\/usu1011\/2023\/12\/I3A-300x224.jpg 300w, https:\/\/agora.xtec.cat\/ceipsab\/wp-content\/uploads\/usu1011\/2023\/12\/I3A-768x574.jpg 768w, https:\/\/agora.xtec.cat\/ceipsab\/wp-content\/uploads\/usu1011\/2023\/12\/I3A-200x150.jpg 200w, https:\/\/agora.xtec.cat\/ceipsab\/wp-content\/uploads\/usu1011\/2023\/12\/I3A.jpg 1380w\" sizes=\"auto, (max-width: 1024px) 100vw, 1024px\" \/><\/a> <a href=\"https:\/\/agora.xtec.cat\/ceipsab\/wp-content\/uploads\/usu1011\/2023\/12\/I3B.jpg\"><img loading=\"lazy\" decoding=\"async\" class=\"alignnone size-large wp-image-11112\" src=\"https:\/\/agora.xtec.cat\/ceipsab\/wp-content\/uploads\/usu1011\/2023\/12\/I3B-1024x768.jpg\" alt=\"\" width=\"1024\" height=\"768\" srcset=\"https:\/\/agora.xtec.cat\/ceipsab\/wp-content\/uploads\/usu1011\/2023\/12\/I3B-1024x768.jpg 1024w, https:\/\/agora.xtec.cat\/ceipsab\/wp-content\/uploads\/usu1011\/2023\/12\/I3B-300x225.jpg 300w, https:\/\/agora.xtec.cat\/ceipsab\/wp-content\/uploads\/usu1011\/2023\/12\/I3B-768x576.jpg 768w, https:\/\/agora.xtec.cat\/ceipsab\/wp-content\/uploads\/usu1011\/2023\/12\/I3B-1536x1152.jpg 1536w, https:\/\/agora.xtec.cat\/ceipsab\/wp-content\/uploads\/usu1011\/2023\/12\/I3B-200x150.jpg 200w, https:\/\/agora.xtec.cat\/ceipsab\/wp-content\/uploads\/usu1011\/2023\/12\/I3B.jpg 2048w\" sizes=\"auto, (max-width: 1024px) 100vw, 1024px\" \/><\/a><\/p>\n","protected":false},"excerpt":{"rendered":"<p>The last week of school before Christmas we decorated a bauble with the colors that we have learned; blue, green, yellow and orange. If you want, you can hang it on your Christmas tree. Merry Christmas families!!!<br \/>\n&nbsp;<br \/>\nL&#8217;\u00faltima setmana d&#8217;escola abans de Nadal vam decorar una&hellip;  <a href=\"https:\/\/agora.xtec.cat\/ceipsab\/educacio-infantil\/p3\/merry-christmas%f0%9f%8e%84%e2%9c%a8\/\" title=\"Read Merry Christmas!!!\ud83c\udf84\ud83c\udf84\">Llegeix m\u00e9s\u00bb<\/a><\/p>\n","protected":false},"author":1,"featured_media":0,"comment_status":"closed","ping_status":"closed","sticky":false,"template":"","format":"standard","meta":{"_bbp_topic_count":0,"_bbp_reply_count":0,"_bbp_total_topic_count":0,"_bbp_total_reply_count":0,"_bbp_voice_count":0,"_bbp_anonymous_reply_count":0,"_bbp_topic_count_hidden":0,"_bbp_reply_count_hidden":0,"_bbp_forum_subforum_count":0,"footnotes":""},"categories":[76,3,69],"tags":[],"class_list":["post-11110","post","type-post","status-publish","format-standard","hentry","category-festival","category-p3","category-pre-school"],"post_mailing_queue_ids":[],"_links":{"self":[{"href":"https:\/\/agora.xtec.cat\/ceipsab\/wp-json\/wp\/v2\/posts\/11110","targetHints":{"allow":["GET"]}}],"collection":[{"href":"https:\/\/agora.xtec.cat\/ceipsab\/wp-json\/wp\/v2\/posts"}],"about":[{"href":"https:\/\/agora.xtec.cat\/ceipsab\/wp-json\/wp\/v2\/types\/post"}],"author":[{"embeddable":true,"href":"https:\/\/agora.xtec.cat\/ceipsab\/wp-json\/wp\/v2\/users\/1"}],"replies":[{"embeddable":true,"href":"https:\/\/agora.xtec.cat\/ceipsab\/wp-json\/wp\/v2\/comments?post=11110"}],"version-history":[{"count":5,"href":"https:\/\/agora.xtec.cat\/ceipsab\/wp-json\/wp\/v2\/posts\/11110\/revisions"}],"predecessor-version":[{"id":11122,"href":"https:\/\/agora.xtec.cat\/ceipsab\/wp-json\/wp\/v2\/posts\/11110\/revisions\/11122"}],"wp:attachment":[{"href":"https:\/\/agora.xtec.cat\/ceipsab\/wp-json\/wp\/v2\/media?parent=11110"}],"wp:term":[{"taxonomy":"category","embeddable":true,"href":"https:\/\/agora.xtec.cat\/ceipsab\/wp-json\/wp\/v2\/categories?post=11110"},{"taxonomy":"post_tag","embeddable":true,"href":"https:\/\/agora.xtec.cat\/ceipsab\/wp-json\/wp\/v2\/tags?post=11110"}],"curies":[{"name":"wp","href":"https:\/\/api.w.org\/{rel}","templated":true}]}}