{"id":11107,"date":"2023-12-22T13:45:33","date_gmt":"2023-12-22T12:45:33","guid":{"rendered":"https:\/\/agora.xtec.cat\/ceipsab\/?p=11107"},"modified":"2023-12-22T13:45:33","modified_gmt":"2023-12-22T12:45:33","slug":"residencia-gent-gran-dr-gerard-manresa","status":"publish","type":"post","link":"https:\/\/agora.xtec.cat\/ceipsab\/primaria\/residencia-gent-gran-dr-gerard-manresa\/","title":{"rendered":"RESID\u00c8NCIA GENT GRAN Dr. GERARD MANRESA"},"content":{"rendered":"<p>Us deixem algunes instant\u00e0nies de la visita efectuada el passat 19 de desembre a la Resid\u00e8ncia de Gent Gran &#8220;Doctor Gerard Manresa&#8221; amb l&#8217;alumnat de 6\u00e8, 4t, 2n i I5.<\/p>\n<p>&nbsp;<\/p>\n<p>Gaudiu!<\/p>\n<p>&nbsp;<\/p>\n<p><a href=\"https:\/\/photos.app.goo.gl\/v15foTFb4SHZVFaZ8\"><img loading=\"lazy\" decoding=\"async\" class=\"alignnone size-full wp-image-11108\" src=\"https:\/\/agora.xtec.cat\/ceipsab\/wp-content\/uploads\/usu1011\/2023\/12\/baixa-1.jpg\" alt=\"\" width=\"225\" height=\"225\" srcset=\"https:\/\/agora.xtec.cat\/ceipsab\/wp-content\/uploads\/usu1011\/2023\/12\/baixa-1.jpg 225w, https:\/\/agora.xtec.cat\/ceipsab\/wp-content\/uploads\/usu1011\/2023\/12\/baixa-1-150x150.jpg 150w\" sizes=\"auto, (max-width: 225px) 100vw, 225px\" \/><\/a><\/p>\n","protected":false},"excerpt":{"rendered":"<p>Us deixem algunes instant\u00e0nies de la visita efectuada el passat 19 de desembre a la Resid\u00e8ncia de Gent Gran &#8220;Doctor Gerard Manresa&#8221; amb l&#8217;alumnat de 6\u00e8, 4t, 2n i I5.<br \/>\n&nbsp;<br \/>\nGaudiu!<br \/>\n&nbsp;<br \/>\n<a href=\"https:\/\/photos.app.goo.gl\/v15foTFb4SHZVFaZ8\"><\/a><\/p>\n","protected":false},"author":1,"featured_media":11108,"comment_status":"open","ping_status":"closed","sticky":false,"template":"","format":"standard","meta":{"_bbp_topic_count":0,"_bbp_reply_count":0,"_bbp_total_topic_count":0,"_bbp_total_reply_count":0,"_bbp_voice_count":0,"_bbp_anonymous_reply_count":0,"_bbp_topic_count_hidden":0,"_bbp_reply_count_hidden":0,"_bbp_forum_subforum_count":0,"footnotes":""},"categories":[11,13,15,62,5,9],"tags":[297,423,114,424,111],"class_list":["post-11107","post","type-post","status-publish","format-standard","has-post-thumbnail","hentry","category-2n","category-4t","category-6e","category-educacio-infantil","category-primaria","category-p5","tag-cooperacio","tag-drgerardmanresa","tag-escolasab","tag-femxarxa","tag-nadal"],"post_mailing_queue_ids":[],"_links":{"self":[{"href":"https:\/\/agora.xtec.cat\/ceipsab\/wp-json\/wp\/v2\/posts\/11107","targetHints":{"allow":["GET"]}}],"collection":[{"href":"https:\/\/agora.xtec.cat\/ceipsab\/wp-json\/wp\/v2\/posts"}],"about":[{"href":"https:\/\/agora.xtec.cat\/ceipsab\/wp-json\/wp\/v2\/types\/post"}],"author":[{"embeddable":true,"href":"https:\/\/agora.xtec.cat\/ceipsab\/wp-json\/wp\/v2\/users\/1"}],"replies":[{"embeddable":true,"href":"https:\/\/agora.xtec.cat\/ceipsab\/wp-json\/wp\/v2\/comments?post=11107"}],"version-history":[{"count":1,"href":"https:\/\/agora.xtec.cat\/ceipsab\/wp-json\/wp\/v2\/posts\/11107\/revisions"}],"predecessor-version":[{"id":11109,"href":"https:\/\/agora.xtec.cat\/ceipsab\/wp-json\/wp\/v2\/posts\/11107\/revisions\/11109"}],"wp:featuredmedia":[{"embeddable":true,"href":"https:\/\/agora.xtec.cat\/ceipsab\/wp-json\/wp\/v2\/media\/11108"}],"wp:attachment":[{"href":"https:\/\/agora.xtec.cat\/ceipsab\/wp-json\/wp\/v2\/media?parent=11107"}],"wp:term":[{"taxonomy":"category","embeddable":true,"href":"https:\/\/agora.xtec.cat\/ceipsab\/wp-json\/wp\/v2\/categories?post=11107"},{"taxonomy":"post_tag","embeddable":true,"href":"https:\/\/agora.xtec.cat\/ceipsab\/wp-json\/wp\/v2\/tags?post=11107"}],"curies":[{"name":"wp","href":"https:\/\/api.w.org\/{rel}","templated":true}]}}