{"id":11063,"date":"2023-12-20T12:16:21","date_gmt":"2023-12-20T11:16:21","guid":{"rendered":"https:\/\/agora.xtec.cat\/ceipsab\/?p=11063"},"modified":"2023-12-20T12:16:21","modified_gmt":"2023-12-20T11:16:21","slug":"i3-festa-de-nadal","status":"publish","type":"post","link":"https:\/\/agora.xtec.cat\/ceipsab\/educacio-infantil\/p3\/i3-festa-de-nadal\/","title":{"rendered":"I3 FESTA DE NADAL"},"content":{"rendered":"<p>Hola fam\u00edlies!<\/p>\n<p>Avui, \u00faltim dia de trimestre, els nens i nenes d&#8217;I3 hem celebrat la festa de Nadal a l&#8217;escola.<\/p>\n<p>Per esmorzar, hem menjat una mica de torrons que ens ha portat l&#8217;AFA.<\/p>\n<p>Depr\u00e9s hem pogut anar a cagar el ti\u00f3. Ens ha fet molt\u00edssima il\u00b7lusi\u00f3! I ens ha portat un detallet que ens ha agradat molt!<\/p>\n<p>Tamb\u00e9 hem pogut portar-li la nostra carta al patge de SSMM els Reis de l&#8217;Orient que ens ha prom\u00e8s que els hi donaria la nostra carta als Reis.<\/p>\n<p>Esperem que gaudiu d&#8217;uns bons dies de descans i d&#8217;unes bones festes nadaleques!<\/p>\n<p>Que tingueu una bona entrada a l&#8217;any 2024! Ens veiem al gener!<\/p>\n<p><a href=\"https:\/\/photos.app.goo.gl\/X3bvZxgpvYnXJVCW9\"><img loading=\"lazy\" decoding=\"async\" class=\"\" src=\"https:\/\/lh3.googleusercontent.com\/pw\/ABLVV86wgg1PDWiVEKJxaE1-9cLeuhg8PGl1ztwPTwOny2naIfktjcgxanun4zhjkVs9siqid9cUB-D8VCgbHASzsnyOzYb2wIksj8ucHH4sproQFXPDfiALroHthOKrZN9w8s-VJhjzRN_6OIvGiocDwL6eBe9mfd8rCkoctvu59j2hz3zMKLjwnuqquekRvxaC8fjp--fyl3DW6WLW-IoNyfwZD3v8k3vAqCBjOYhWF6Ee8HSAPqKDzZ6c04X9BI2i_wsehVMETw-4oDXklHI4RcHaZdXTpFKWbgKRbHKx782m9aCz8wduJR0sxjaIRw-r3H5ibr4HsuSFnv7M2IRvDTlVdGvJq1o3ddwawUoM4N-1l_2hYLdQsoWpfRwtv7WVkoEBdgjHzVHQXpgeZXUzo9MOJnFwm5rhLdzSOIew7tiIp6gjtwXc5OvYk9PEDTdjYTMVfMt_4_oHTCErfN3Xhe3h_aVujLjIx3I_o2VnMSEXDaTHEsemiEmzOj7mmpbSE57RFtzUsHtuqJdzkCyM8p92zCyhlgNsNG_wSJmpttv71f20XqMSQLN_v0-Z4brUEvPtibpAAkjlBJ0BEnhgPtgSAU4P9caUwKY6gQ5XURWhmb11kkwI4VbkfNF3gA4hBYeQuSKjsF7Zwv0lLkkK3Oxu4Q68eaD8AMzcVgqpjGr_CkuyrIWthE99ckkQeuTX4dqdUHZQeV7XrnShnVAQkY52Hzha1DJgXOd1HXL8hOA0WqtUYHgoTcEoVYR_2QlXhSKeFYjiL7h9-M3lq3A-JUSsh6ZUi524UgXMeZPCRICVhz9YyA3FCtbxoSafbG5gOxGB-6pSj3yTnCdYYXd0rLsCspaLZPAGlVDIgmkUghXilZVbVM1cU7JDbRjbRgpGCJmxg_5Oz3npPkh_inHYo9v3nNotCZScSPGbQqEhBOuWbUxN_xFQueN_VR3y32PUA8QvRskWef2PjUD1kn29fvHBWM0D8Ql5WoT0o5rGazLOrO5ZQe0CRZJyqMe1N2sTvosonQAeipl1Abz-2F3N=w809-h607-s-no-gm?authuser=2\" width=\"298\" height=\"223\" \/><\/a><\/p>\n","protected":false},"excerpt":{"rendered":"<p>Hola fam\u00edlies!<br \/>\nAvui, \u00faltim dia de trimestre, els nens i nenes d&#8217;I3 hem celebrat la festa de Nadal a l&#8217;escola.<br \/>\nPer esmorzar, hem menjat una mica de torrons que ens ha portat l&#8217;AFA.<br \/>\nDepr\u00e9s hem pogut anar a cagar el ti\u00f3. Ens ha fet molt\u00edssima il\u00b7lusi\u00f3! I ens&hellip;  <a href=\"https:\/\/agora.xtec.cat\/ceipsab\/educacio-infantil\/p3\/i3-festa-de-nadal\/\" title=\"Read I3 FESTA DE NADAL\">Llegeix m\u00e9s\u00bb<\/a><\/p>\n","protected":false},"author":1,"featured_media":0,"comment_status":"open","ping_status":"closed","sticky":false,"template":"","format":"standard","meta":{"_bbp_topic_count":0,"_bbp_reply_count":0,"_bbp_total_topic_count":0,"_bbp_total_reply_count":0,"_bbp_voice_count":0,"_bbp_anonymous_reply_count":0,"_bbp_topic_count_hidden":0,"_bbp_reply_count_hidden":0,"_bbp_forum_subforum_count":0,"footnotes":""},"categories":[62,3],"tags":[],"class_list":["post-11063","post","type-post","status-publish","format-standard","hentry","category-educacio-infantil","category-p3"],"post_mailing_queue_ids":[],"_links":{"self":[{"href":"https:\/\/agora.xtec.cat\/ceipsab\/wp-json\/wp\/v2\/posts\/11063","targetHints":{"allow":["GET"]}}],"collection":[{"href":"https:\/\/agora.xtec.cat\/ceipsab\/wp-json\/wp\/v2\/posts"}],"about":[{"href":"https:\/\/agora.xtec.cat\/ceipsab\/wp-json\/wp\/v2\/types\/post"}],"author":[{"embeddable":true,"href":"https:\/\/agora.xtec.cat\/ceipsab\/wp-json\/wp\/v2\/users\/1"}],"replies":[{"embeddable":true,"href":"https:\/\/agora.xtec.cat\/ceipsab\/wp-json\/wp\/v2\/comments?post=11063"}],"version-history":[{"count":1,"href":"https:\/\/agora.xtec.cat\/ceipsab\/wp-json\/wp\/v2\/posts\/11063\/revisions"}],"predecessor-version":[{"id":11064,"href":"https:\/\/agora.xtec.cat\/ceipsab\/wp-json\/wp\/v2\/posts\/11063\/revisions\/11064"}],"wp:attachment":[{"href":"https:\/\/agora.xtec.cat\/ceipsab\/wp-json\/wp\/v2\/media?parent=11063"}],"wp:term":[{"taxonomy":"category","embeddable":true,"href":"https:\/\/agora.xtec.cat\/ceipsab\/wp-json\/wp\/v2\/categories?post=11063"},{"taxonomy":"post_tag","embeddable":true,"href":"https:\/\/agora.xtec.cat\/ceipsab\/wp-json\/wp\/v2\/tags?post=11063"}],"curies":[{"name":"wp","href":"https:\/\/api.w.org\/{rel}","templated":true}]}}