{"id":11046,"date":"2023-12-20T09:19:11","date_gmt":"2023-12-20T08:19:11","guid":{"rendered":"https:\/\/agora.xtec.cat\/ceipsab\/?p=11046"},"modified":"2023-12-20T09:19:11","modified_gmt":"2023-12-20T08:19:11","slug":"i4-microespais","status":"publish","type":"post","link":"https:\/\/agora.xtec.cat\/ceipsab\/educacio-infantil\/p4\/i4-microespais\/","title":{"rendered":"I4 MICROESPAIS"},"content":{"rendered":"<p><span style=\"font-weight: 400\">Cada mat\u00ed, quan arribem a l\u2019aula, trobem diferents propostes manipulatives. Amb aquestes propostes treballem conceptes matem\u00e0tics, art\u00edstics, de llengua, expressi\u00f3 oral.. Ens ho passem genial i aprenem molt.<\/span><\/p>\n<p><span style=\"font-weight: 400\">Aqu\u00ed us deixem un recull de fotografies d\u2019aquestes estones.\u00a0<\/span><\/p>\n<p><a href=\"https:\/\/photos.app.goo.gl\/eBZXSw2A22eQ4MoNA\"><img loading=\"lazy\" decoding=\"async\" class=\"alignnone wp-image-11047\" src=\"https:\/\/agora.xtec.cat\/ceipsab\/wp-content\/uploads\/usu1011\/2023\/12\/MICROESPAIS-1024x710.jpeg\" alt=\"\" width=\"342\" height=\"237\" srcset=\"https:\/\/agora.xtec.cat\/ceipsab\/wp-content\/uploads\/usu1011\/2023\/12\/MICROESPAIS-1024x710.jpeg 1024w, https:\/\/agora.xtec.cat\/ceipsab\/wp-content\/uploads\/usu1011\/2023\/12\/MICROESPAIS-300x208.jpeg 300w, https:\/\/agora.xtec.cat\/ceipsab\/wp-content\/uploads\/usu1011\/2023\/12\/MICROESPAIS-768x533.jpeg 768w, https:\/\/agora.xtec.cat\/ceipsab\/wp-content\/uploads\/usu1011\/2023\/12\/MICROESPAIS-1536x1066.jpeg 1536w, https:\/\/agora.xtec.cat\/ceipsab\/wp-content\/uploads\/usu1011\/2023\/12\/MICROESPAIS-2048x1421.jpeg 2048w\" sizes=\"auto, (max-width: 342px) 100vw, 342px\" \/><\/a><\/p>\n","protected":false},"excerpt":{"rendered":"<p>Cada mat\u00ed, quan arribem a l\u2019aula, trobem diferents propostes manipulatives. Amb aquestes propostes treballem conceptes matem\u00e0tics, art\u00edstics, de llengua, expressi\u00f3 oral.. Ens ho passem genial i aprenem molt.<br \/>\nAqu\u00ed us deixem un recull de fotografies d\u2019aquestes estones.\u00a0<br \/>\n<a href=\"https:\/\/photos.app.goo.gl\/eBZXSw2A22eQ4MoNA\"><\/a><\/p>\n","protected":false},"author":48,"featured_media":11047,"comment_status":"open","ping_status":"closed","sticky":false,"template":"","format":"standard","meta":{"_bbp_topic_count":0,"_bbp_reply_count":0,"_bbp_total_topic_count":0,"_bbp_total_reply_count":0,"_bbp_voice_count":0,"_bbp_anonymous_reply_count":0,"_bbp_topic_count_hidden":0,"_bbp_reply_count_hidden":0,"_bbp_forum_subforum_count":0,"footnotes":""},"categories":[62,8],"tags":[],"class_list":["post-11046","post","type-post","status-publish","format-standard","has-post-thumbnail","hentry","category-educacio-infantil","category-p4"],"post_mailing_queue_ids":[],"_links":{"self":[{"href":"https:\/\/agora.xtec.cat\/ceipsab\/wp-json\/wp\/v2\/posts\/11046","targetHints":{"allow":["GET"]}}],"collection":[{"href":"https:\/\/agora.xtec.cat\/ceipsab\/wp-json\/wp\/v2\/posts"}],"about":[{"href":"https:\/\/agora.xtec.cat\/ceipsab\/wp-json\/wp\/v2\/types\/post"}],"author":[{"embeddable":true,"href":"https:\/\/agora.xtec.cat\/ceipsab\/wp-json\/wp\/v2\/users\/48"}],"replies":[{"embeddable":true,"href":"https:\/\/agora.xtec.cat\/ceipsab\/wp-json\/wp\/v2\/comments?post=11046"}],"version-history":[{"count":1,"href":"https:\/\/agora.xtec.cat\/ceipsab\/wp-json\/wp\/v2\/posts\/11046\/revisions"}],"predecessor-version":[{"id":11048,"href":"https:\/\/agora.xtec.cat\/ceipsab\/wp-json\/wp\/v2\/posts\/11046\/revisions\/11048"}],"wp:featuredmedia":[{"embeddable":true,"href":"https:\/\/agora.xtec.cat\/ceipsab\/wp-json\/wp\/v2\/media\/11047"}],"wp:attachment":[{"href":"https:\/\/agora.xtec.cat\/ceipsab\/wp-json\/wp\/v2\/media?parent=11046"}],"wp:term":[{"taxonomy":"category","embeddable":true,"href":"https:\/\/agora.xtec.cat\/ceipsab\/wp-json\/wp\/v2\/categories?post=11046"},{"taxonomy":"post_tag","embeddable":true,"href":"https:\/\/agora.xtec.cat\/ceipsab\/wp-json\/wp\/v2\/tags?post=11046"}],"curies":[{"name":"wp","href":"https:\/\/api.w.org\/{rel}","templated":true}]}}