{"id":11012,"date":"2023-12-19T12:04:11","date_gmt":"2023-12-19T11:04:11","guid":{"rendered":"https:\/\/agora.xtec.cat\/ceipsab\/?p=11012"},"modified":"2023-12-19T12:04:11","modified_gmt":"2023-12-19T11:04:11","slug":"i3-anem-a-buscar-el-tio","status":"publish","type":"post","link":"https:\/\/agora.xtec.cat\/ceipsab\/educacio-infantil\/p3\/i3-anem-a-buscar-el-tio\/","title":{"rendered":"I3 ANEM A BUSCAR EL TI\u00d3"},"content":{"rendered":"<p>Hola fam\u00edlies!<\/p>\n<p>Com ja sabeu el Ti\u00f3 ha arribat a la nostra escola!<\/p>\n<p>L&#8217;altre dia vam sortir a buscar-lo per la muntanya dels voltants de l&#8217;escola i ja el tenim ben abrigadet i ben alimentat. L&#8217;estem cuidant molt\u00edssim perqu\u00e8 l&#8217;\u00faltim dia del trimestre ens porti moltes coses!<\/p>\n<p>Moltes gr\u00e0cies a les fam\u00edlies que ens vau acompanyar! Ens ho vam passar molt b\u00e9!<\/p>\n<p><a href=\"https:\/\/photos.app.goo.gl\/UtSm7WZK3RcRjenV9\"><img decoding=\"async\" src=\"https:\/\/lh3.googleusercontent.com\/pw\/ABLVV86h0yUADxU7C34SDbX8oFWQkligk9YEnTltNlArUMe6Lud5ErnOf7lpwnv8DF1kX-AkJg302RDo1ZDKhBLY3dCby9Z2eJtDC1xrjzCt8XslnwxGU161x4KcCsJl6J23G1yp6mpZCTeGDwvRpImNzZEGpYIFofbdAuQ9TfP-2q7Gcbtd6zUaNFW8vhNx29iu7k3QL3WFU2Z0rxSo7eGj8MbAo-EpMt86WeG-w3dhBF-ELD0Cuc8BuKnFDBUoGIGVwRII7Pyas6iQ6rkSDMc8sNLvAcCUsqpR06V8zopnZz7pp54xRONq5onVs2GJSTsmqEfpcMyz0OIzD_qwk_6S_KwRNYYBOAT_H1Vqsn8_5C4CgZmOMbuyE0Ewvi6q_rwDzzdmGNjBjVp2GSoLTFdMKax3liIPIkv_BasAXuDOkgFZ8u2QbuOfaw-eE841F_xixLOndoBK2jYEbiJWAnAwOw2RlUWLXdG8KSZVMxNTGGsV0S7TdYTURe1WwDjqYQblACIcerV3jNC6buzds32oesp0MCzUXwYJxQxufZ_3rUxym_NnQbMCbxf-XxdKMDdGNRyPycGxlQnyLWt7mvDNduO9gBSoZJKO2aF2zqKRyslGcU_VHAeiLChmz0LjByPGSMU-9oOzJJVJk98w-h5UGxpMJnJJHBOUbP-I-BK6YDzP_tLPDx2uRbC36ZWxXZ8MEf70r7_06Yw98ITXYxNTBk4qhafGfInCeR9GAGjDTZhg4VarcXhmbNT-jL9n4IyFONgjKcSX4oHwp-A-SzJF_7DreJTDmV7wC9ACFMjXOVqYUGuauebkP3BtCC817fT1KfkrT6NtNQ-Fl7FxDnxGHeMhb7JMTFycFepjc-zxpOnUcHVDQ-8uK6aIReri1MtndA=w1118-h839-s-no-gm?authuser=1\" \/><\/a><\/p>\n","protected":false},"excerpt":{"rendered":"<p>Hola fam\u00edlies!<br \/>\nCom ja sabeu el Ti\u00f3 ha arribat a la nostra escola!<br \/>\nL&#8217;altre dia vam sortir a buscar-lo per la muntanya dels voltants de l&#8217;escola i ja el tenim ben abrigadet i ben alimentat. L&#8217;estem cuidant molt\u00edssim perqu\u00e8 l&#8217;\u00faltim dia del trimestre ens porti moltes coses!<br \/>\nMoltes&hellip;  <a href=\"https:\/\/agora.xtec.cat\/ceipsab\/educacio-infantil\/p3\/i3-anem-a-buscar-el-tio\/\" title=\"Read I3 ANEM A BUSCAR EL TI\u00d3\">Llegeix m\u00e9s\u00bb<\/a><\/p>\n","protected":false},"author":1,"featured_media":0,"comment_status":"open","ping_status":"closed","sticky":false,"template":"","format":"standard","meta":{"_bbp_topic_count":0,"_bbp_reply_count":0,"_bbp_total_topic_count":0,"_bbp_total_reply_count":0,"_bbp_voice_count":0,"_bbp_anonymous_reply_count":0,"_bbp_topic_count_hidden":0,"_bbp_reply_count_hidden":0,"_bbp_forum_subforum_count":0,"footnotes":""},"categories":[62,3],"tags":[],"class_list":["post-11012","post","type-post","status-publish","format-standard","hentry","category-educacio-infantil","category-p3"],"post_mailing_queue_ids":[],"_links":{"self":[{"href":"https:\/\/agora.xtec.cat\/ceipsab\/wp-json\/wp\/v2\/posts\/11012","targetHints":{"allow":["GET"]}}],"collection":[{"href":"https:\/\/agora.xtec.cat\/ceipsab\/wp-json\/wp\/v2\/posts"}],"about":[{"href":"https:\/\/agora.xtec.cat\/ceipsab\/wp-json\/wp\/v2\/types\/post"}],"author":[{"embeddable":true,"href":"https:\/\/agora.xtec.cat\/ceipsab\/wp-json\/wp\/v2\/users\/1"}],"replies":[{"embeddable":true,"href":"https:\/\/agora.xtec.cat\/ceipsab\/wp-json\/wp\/v2\/comments?post=11012"}],"version-history":[{"count":1,"href":"https:\/\/agora.xtec.cat\/ceipsab\/wp-json\/wp\/v2\/posts\/11012\/revisions"}],"predecessor-version":[{"id":11013,"href":"https:\/\/agora.xtec.cat\/ceipsab\/wp-json\/wp\/v2\/posts\/11012\/revisions\/11013"}],"wp:attachment":[{"href":"https:\/\/agora.xtec.cat\/ceipsab\/wp-json\/wp\/v2\/media?parent=11012"}],"wp:term":[{"taxonomy":"category","embeddable":true,"href":"https:\/\/agora.xtec.cat\/ceipsab\/wp-json\/wp\/v2\/categories?post=11012"},{"taxonomy":"post_tag","embeddable":true,"href":"https:\/\/agora.xtec.cat\/ceipsab\/wp-json\/wp\/v2\/tags?post=11012"}],"curies":[{"name":"wp","href":"https:\/\/api.w.org\/{rel}","templated":true}]}}