{"id":11006,"date":"2023-12-19T11:55:44","date_gmt":"2023-12-19T10:55:44","guid":{"rendered":"https:\/\/agora.xtec.cat\/ceipsab\/?p=11006"},"modified":"2023-12-19T11:55:44","modified_gmt":"2023-12-19T10:55:44","slug":"i3-capsa-de-vida-i-contacontes-familiar","status":"publish","type":"post","link":"https:\/\/agora.xtec.cat\/ceipsab\/educacio-infantil\/p3\/i3-capsa-de-vida-i-contacontes-familiar\/","title":{"rendered":"I3 CAPSA DE VIDA I CONTACONTES FAMILIAR"},"content":{"rendered":"<p>Hola fam\u00edlies!<\/p>\n<p>Durant aquest trimestre hem iniciat les activitats de la Capsa de Vida i del Contacontes familiar.<\/p>\n<p>Ens agrada molt\u00edssim explicar coses de quan \u00e9rem petits&#8230; per\u00f2 sobretot ens encanta que ens vingueu a visitar a la classe i passeu una estoneta amb nosaltres!<\/p>\n<p>Us deixem les imatges d&#8217;aquests primers mesos.<\/p>\n<p>I3A<\/p>\n<p><a href=\"https:\/\/photos.app.goo.gl\/boukCMTYrCd2YgrZ7\"><img loading=\"lazy\" decoding=\"async\" class=\"\" src=\"https:\/\/lh3.googleusercontent.com\/pw\/ABLVV854uT4cgKjAOPlXMhqHqwfS2a_s7PgGOy7_3hO5NU521vLo3fklMicQOaJTFXMLxNXKqjQsTp9Og6OUzTCARUR5wUwXIlosBs_29IbuHmKoRw6cjm4f2aL2VCWVpZ42Cw1VcqWpBOf6deGKFxY4ITeVG1kgqRQYCEdULYguhbcLL1gY6CNBsg-gezAjuXCvTKCzVnNnMEWs3iRSet9HmCgIxH4Tn0aUatew6bOQQHoRvj3DhjMxSJgY4YtAmhBnTofG6OcLXng7UeGVtK09-UiJvS_jnXsI66TFowO9hxO5oSLe-_OYFPjVOFQFz_p0FD1J4fKwkRSESEd2_9t1qVA1PVeTsl4gEHYmo0_GgMD7L-xEswwgmq_L0p0JWXY9FMwtae6N7Zw8HXihexRvn9ubRI1RMEDIeYRmPXXl_s-fDld4-Sctc7yYTetnVfsnwgtGOodFQNCxh2RuPoYsu6sauSo9EbzzFIn2Fbu6VZzMzaacXh-qWNukkHYc0s3UQt_d05x8hijBsadMdwyM95sMppczMzY6TasEa6kP8UaL48ImT2sX70Gm1chF_6D_1Je--einwIvcATLB5O-cW4CONMPSteINbjYXza9vO3ugvwggyMkRUz_9Ykl6mLOy8_DoMfiY8BVYaHZi360r2PmNdLagImGcnGbsfURk4ICl4XIw4pa4cJ6j9oVdlkIxQ3bu9mQLQFaAFABF1oCksdBDrdLMR-Qgyz22mtrEM01QXksab7wXU9ahTTzW1oytvbvpkkfmOLZsLg3fToMZQUM8XmMW6t-QuikpMP6hEMhCO46JV_guWoPhKqNEK7ucl-xFy9MdqYnvb5SMHT9N1LvzgZA__K8karQBrpDUUFVVHLtT_zwvfeSIZSrIUq9S3Q=w1113-h839-s-no-gm?authuser=1\" width=\"350\" height=\"264\" \/><\/a><\/p>\n<p>I3B<\/p>\n<p><a href=\"https:\/\/photos.app.goo.gl\/tCKjzY3WsSKtXoNk7\"><img loading=\"lazy\" decoding=\"async\" class=\"\" src=\"https:\/\/lh3.googleusercontent.com\/pw\/ABLVV85aW9W63fX9qWI62ZXXAM8bkwhonVs_8q_UbltqyrMbKuQRLnR5Zzy3F5g8zO72C62gmuGQrd1Q3JPpszr6rQc9qITR6tWy_8_pkPtdfd0e7DUlkT57fclq19X0V11RcVOH1Vhn7tThLLXxuBe4THffnFw10NDZXcME5xzxlZy6cBAZSm1c98qtnbvBihpcy9zmJfjh6OFKsbwaICXzV3W3gF9t5fs0dJuO8fmoKPnYsy89M6BwHnirUNmv2UAQDR8-j8IIEvbRyuprJCLlguXTf4aBm09SLEHyxY9KIQkFq2CC6peDysZRTnWmp5bh8QgE0yTYN7ZzxAjhY-LzVuLb_SBuJ-N6Ho11cEW811ccGBkNXqFe-NwulHIoIm5zH0tRRKzVsNdGa58Ot0SsGVYevF_XDlMVSeTqaClBEXEySj78UvIvrjfwRaDeYqHZrujz3QpirIPpi_D-0fQuXwyIyNtiKWjtvrzGca3CJPQomy57D1l-spM_0LlkBDfi2hcEe2uVxiW_Ni-JT8kSCI1JDMsx15IV0VaCPzgc4axXw2OQeKypK5PEZXZQ5L2no4ET0e1yKKCS8HC2Cqu9gxUVrxhq22dZ9NiTZ_P6khscnNQB0NsC9bDSvYCaeI0RRqb_eEttLvUzn3Ctlj7J5W0NK5wlLB-cuzq_uQos9-6y-DB65JzS-AQiYY8TAWx7nXUi7Y_seL7L43eSy6a_qHccrHxdXJuQmFrIibDaKa09WSxiPXkfSrYdyHId3G89zhSItBXv3FK-QqbjFUZXRgZLDkaYQvPbzd_XVvpVuWd4Ki4w6huNTvVN-SwbEfVmNDOMIVWwT1MOOavcBdwQHrvihw9Yt0XabIf4XOyJquAbhdvdXruPqvNPM_reT--TdA=w1118-h839-s-no-gm?authuser=1\" width=\"382\" height=\"286\" \/><\/a><\/p>\n","protected":false},"excerpt":{"rendered":"<p>Hola fam\u00edlies!<br \/>\nDurant aquest trimestre hem iniciat les activitats de la Capsa de Vida i del Contacontes familiar.<br \/>\nEns agrada molt\u00edssim explicar coses de quan \u00e9rem petits&#8230; per\u00f2 sobretot ens encanta que ens vingueu a visitar a la classe i passeu una estoneta amb nosaltres!<br \/>\nUs deixem les&hellip;  <a href=\"https:\/\/agora.xtec.cat\/ceipsab\/educacio-infantil\/p3\/i3-capsa-de-vida-i-contacontes-familiar\/\" title=\"Read I3 CAPSA DE VIDA I CONTACONTES FAMILIAR\">Llegeix m\u00e9s\u00bb<\/a><\/p>\n","protected":false},"author":1,"featured_media":0,"comment_status":"open","ping_status":"closed","sticky":false,"template":"","format":"standard","meta":{"_bbp_topic_count":0,"_bbp_reply_count":0,"_bbp_total_topic_count":0,"_bbp_total_reply_count":0,"_bbp_voice_count":0,"_bbp_anonymous_reply_count":0,"_bbp_topic_count_hidden":0,"_bbp_reply_count_hidden":0,"_bbp_forum_subforum_count":0,"footnotes":""},"categories":[62,3],"tags":[],"class_list":["post-11006","post","type-post","status-publish","format-standard","hentry","category-educacio-infantil","category-p3"],"post_mailing_queue_ids":[],"_links":{"self":[{"href":"https:\/\/agora.xtec.cat\/ceipsab\/wp-json\/wp\/v2\/posts\/11006","targetHints":{"allow":["GET"]}}],"collection":[{"href":"https:\/\/agora.xtec.cat\/ceipsab\/wp-json\/wp\/v2\/posts"}],"about":[{"href":"https:\/\/agora.xtec.cat\/ceipsab\/wp-json\/wp\/v2\/types\/post"}],"author":[{"embeddable":true,"href":"https:\/\/agora.xtec.cat\/ceipsab\/wp-json\/wp\/v2\/users\/1"}],"replies":[{"embeddable":true,"href":"https:\/\/agora.xtec.cat\/ceipsab\/wp-json\/wp\/v2\/comments?post=11006"}],"version-history":[{"count":1,"href":"https:\/\/agora.xtec.cat\/ceipsab\/wp-json\/wp\/v2\/posts\/11006\/revisions"}],"predecessor-version":[{"id":11007,"href":"https:\/\/agora.xtec.cat\/ceipsab\/wp-json\/wp\/v2\/posts\/11006\/revisions\/11007"}],"wp:attachment":[{"href":"https:\/\/agora.xtec.cat\/ceipsab\/wp-json\/wp\/v2\/media?parent=11006"}],"wp:term":[{"taxonomy":"category","embeddable":true,"href":"https:\/\/agora.xtec.cat\/ceipsab\/wp-json\/wp\/v2\/categories?post=11006"},{"taxonomy":"post_tag","embeddable":true,"href":"https:\/\/agora.xtec.cat\/ceipsab\/wp-json\/wp\/v2\/tags?post=11006"}],"curies":[{"name":"wp","href":"https:\/\/api.w.org\/{rel}","templated":true}]}}