{"id":10995,"date":"2023-12-18T18:10:14","date_gmt":"2023-12-18T17:10:14","guid":{"rendered":"https:\/\/agora.xtec.cat\/ceipsab\/?p=10995"},"modified":"2023-12-18T18:10:14","modified_gmt":"2023-12-18T17:10:14","slug":"concert-de-nadal-23-24","status":"publish","type":"post","link":"https:\/\/agora.xtec.cat\/ceipsab\/portada\/concert-de-nadal-23-24\/","title":{"rendered":"CONCERT DE NADAL 23-24"},"content":{"rendered":"<p>Avui 18 de desembre hem celebrat el nostre tradicional Concert de Nadal. Ens ha fet molta il\u00b7lusi\u00f3 poder compartir amb totes les fam\u00edlies aquest moment tan m\u00e0gic.<\/p>\n<p>Des de l\u2019escola agra\u00efm que ens h\u00e0giu acompanyat en un dia tan especial i esperem que us hagi agradat, com a m\u00ednim, tant com a nosaltres.<\/p>\n<p>Us deixem amb\u00a0un recull de fotos i v\u00eddeos.<\/p>\n<p><iframe loading=\"lazy\" title=\"I3\" width=\"500\" height=\"281\" src=\"https:\/\/www.youtube.com\/embed\/LKI119BaLOQ?feature=oembed\" frameborder=\"0\" allow=\"accelerometer; autoplay; clipboard-write; encrypted-media; gyroscope; picture-in-picture; web-share\" referrerpolicy=\"strict-origin-when-cross-origin\" allowfullscreen><\/iframe><\/p>\n<p><iframe loading=\"lazy\" title=\"I3 INST\" width=\"500\" height=\"281\" src=\"https:\/\/www.youtube.com\/embed\/OWQ5CU0nNzM?feature=oembed\" frameborder=\"0\" allow=\"accelerometer; autoplay; clipboard-write; encrypted-media; gyroscope; picture-in-picture; web-share\" referrerpolicy=\"strict-origin-when-cross-origin\" allowfullscreen><\/iframe><\/p>\n<p><iframe loading=\"lazy\" title=\"I4\" width=\"500\" height=\"281\" src=\"https:\/\/www.youtube.com\/embed\/ytzn5kvLQ-c?feature=oembed\" frameborder=\"0\" allow=\"accelerometer; autoplay; clipboard-write; encrypted-media; gyroscope; picture-in-picture; web-share\" referrerpolicy=\"strict-origin-when-cross-origin\" allowfullscreen><\/iframe><\/p>\n<p><iframe loading=\"lazy\" title=\"I5\" width=\"500\" height=\"281\" src=\"https:\/\/www.youtube.com\/embed\/RDNPSPjGcCg?feature=oembed\" frameborder=\"0\" allow=\"accelerometer; autoplay; clipboard-write; encrypted-media; gyroscope; picture-in-picture; web-share\" referrerpolicy=\"strict-origin-when-cross-origin\" allowfullscreen><\/iframe><\/p>\n<p><iframe loading=\"lazy\" title=\"CONJUNTA C. PETITS\" width=\"500\" height=\"281\" src=\"https:\/\/www.youtube.com\/embed\/KYwwAhnWLMc?feature=oembed\" frameborder=\"0\" allow=\"accelerometer; autoplay; clipboard-write; encrypted-media; gyroscope; picture-in-picture; web-share\" referrerpolicy=\"strict-origin-when-cross-origin\" allowfullscreen><\/iframe><\/p>\n<p><iframe loading=\"lazy\" title=\"1R\" width=\"500\" height=\"281\" src=\"https:\/\/www.youtube.com\/embed\/p0D-mmr8ouk?feature=oembed\" frameborder=\"0\" allow=\"accelerometer; autoplay; clipboard-write; encrypted-media; gyroscope; picture-in-picture; web-share\" referrerpolicy=\"strict-origin-when-cross-origin\" allowfullscreen><\/iframe><\/p>\n<p><iframe loading=\"lazy\" title=\"2N\" width=\"500\" height=\"281\" src=\"https:\/\/www.youtube.com\/embed\/2ZaSL7GLRq0?feature=oembed\" frameborder=\"0\" allow=\"accelerometer; autoplay; clipboard-write; encrypted-media; gyroscope; picture-in-picture; web-share\" referrerpolicy=\"strict-origin-when-cross-origin\" allowfullscreen><\/iframe><\/p>\n<p><iframe loading=\"lazy\" title=\"3R\" width=\"500\" height=\"281\" src=\"https:\/\/www.youtube.com\/embed\/Jswf-9_t8cI?feature=oembed\" frameborder=\"0\" allow=\"accelerometer; autoplay; clipboard-write; encrypted-media; gyroscope; picture-in-picture; web-share\" referrerpolicy=\"strict-origin-when-cross-origin\" allowfullscreen><\/iframe><\/p>\n<p><iframe loading=\"lazy\" title=\"CONJUNTA C  MITJANS\" width=\"500\" height=\"281\" src=\"https:\/\/www.youtube.com\/embed\/ZEAe6roIYM4?feature=oembed\" frameborder=\"0\" allow=\"accelerometer; autoplay; clipboard-write; encrypted-media; gyroscope; picture-in-picture; web-share\" referrerpolicy=\"strict-origin-when-cross-origin\" allowfullscreen><\/iframe><\/p>\n<p><iframe loading=\"lazy\" title=\"4T\" width=\"500\" height=\"281\" src=\"https:\/\/www.youtube.com\/embed\/Jcvp8h_cB54?feature=oembed\" frameborder=\"0\" allow=\"accelerometer; autoplay; clipboard-write; encrypted-media; gyroscope; picture-in-picture; web-share\" referrerpolicy=\"strict-origin-when-cross-origin\" allowfullscreen><\/iframe><\/p>\n<p><iframe loading=\"lazy\" title=\"5\u00c8\" width=\"500\" height=\"281\" src=\"https:\/\/www.youtube.com\/embed\/klJTae9eugc?feature=oembed\" frameborder=\"0\" allow=\"accelerometer; autoplay; clipboard-write; encrypted-media; gyroscope; picture-in-picture; web-share\" referrerpolicy=\"strict-origin-when-cross-origin\" allowfullscreen><\/iframe><\/p>\n<p><iframe loading=\"lazy\" title=\"5\u00c8\" width=\"500\" height=\"281\" src=\"https:\/\/www.youtube.com\/embed\/zhaKKgOXl8Y?feature=oembed\" frameborder=\"0\" allow=\"accelerometer; autoplay; clipboard-write; encrypted-media; gyroscope; picture-in-picture; web-share\" referrerpolicy=\"strict-origin-when-cross-origin\" allowfullscreen><\/iframe><\/p>\n<p><iframe loading=\"lazy\" title=\"6\u00c8\" width=\"500\" height=\"281\" src=\"https:\/\/www.youtube.com\/embed\/77Jtn1_-vlY?feature=oembed\" frameborder=\"0\" allow=\"accelerometer; autoplay; clipboard-write; encrypted-media; gyroscope; picture-in-picture; web-share\" referrerpolicy=\"strict-origin-when-cross-origin\" allowfullscreen><\/iframe><\/p>\n<p><iframe loading=\"lazy\" title=\"CONJUNTA C  GRANS\" width=\"500\" height=\"281\" src=\"https:\/\/www.youtube.com\/embed\/vXDULcTi9gw?feature=oembed\" frameborder=\"0\" allow=\"accelerometer; autoplay; clipboard-write; encrypted-media; gyroscope; picture-in-picture; web-share\" referrerpolicy=\"strict-origin-when-cross-origin\" allowfullscreen><\/iframe><\/p>\n","protected":false},"excerpt":{"rendered":"<p>Avui 18 de desembre hem celebrat el nostre tradicional Concert de Nadal. Ens ha fet molta il\u00b7lusi\u00f3 poder compartir amb totes les fam\u00edlies aquest moment tan m\u00e0gic.<br \/>\nDes de l\u2019escola agra\u00efm que ens h\u00e0giu acompanyat en un dia tan especial i esperem que us hagi agradat,&hellip;  <a href=\"https:\/\/agora.xtec.cat\/ceipsab\/portada\/concert-de-nadal-23-24\/\" title=\"Read CONCERT DE NADAL 23-24\">Llegeix m\u00e9s\u00bb<\/a><\/p>\n","protected":false},"author":3,"featured_media":10996,"comment_status":"open","ping_status":"closed","sticky":false,"template":"","format":"standard","meta":{"_bbp_topic_count":0,"_bbp_reply_count":0,"_bbp_total_topic_count":0,"_bbp_total_reply_count":0,"_bbp_voice_count":0,"_bbp_anonymous_reply_count":0,"_bbp_topic_count_hidden":0,"_bbp_reply_count_hidden":0,"_bbp_forum_subforum_count":0,"footnotes":""},"categories":[4],"tags":[111],"class_list":["post-10995","post","type-post","status-publish","format-standard","has-post-thumbnail","hentry","category-portada","tag-nadal"],"post_mailing_queue_ids":[],"_links":{"self":[{"href":"https:\/\/agora.xtec.cat\/ceipsab\/wp-json\/wp\/v2\/posts\/10995","targetHints":{"allow":["GET"]}}],"collection":[{"href":"https:\/\/agora.xtec.cat\/ceipsab\/wp-json\/wp\/v2\/posts"}],"about":[{"href":"https:\/\/agora.xtec.cat\/ceipsab\/wp-json\/wp\/v2\/types\/post"}],"author":[{"embeddable":true,"href":"https:\/\/agora.xtec.cat\/ceipsab\/wp-json\/wp\/v2\/users\/3"}],"replies":[{"embeddable":true,"href":"https:\/\/agora.xtec.cat\/ceipsab\/wp-json\/wp\/v2\/comments?post=10995"}],"version-history":[{"count":3,"href":"https:\/\/agora.xtec.cat\/ceipsab\/wp-json\/wp\/v2\/posts\/10995\/revisions"}],"predecessor-version":[{"id":10999,"href":"https:\/\/agora.xtec.cat\/ceipsab\/wp-json\/wp\/v2\/posts\/10995\/revisions\/10999"}],"wp:featuredmedia":[{"embeddable":true,"href":"https:\/\/agora.xtec.cat\/ceipsab\/wp-json\/wp\/v2\/media\/10996"}],"wp:attachment":[{"href":"https:\/\/agora.xtec.cat\/ceipsab\/wp-json\/wp\/v2\/media?parent=10995"}],"wp:term":[{"taxonomy":"category","embeddable":true,"href":"https:\/\/agora.xtec.cat\/ceipsab\/wp-json\/wp\/v2\/categories?post=10995"},{"taxonomy":"post_tag","embeddable":true,"href":"https:\/\/agora.xtec.cat\/ceipsab\/wp-json\/wp\/v2\/tags?post=10995"}],"curies":[{"name":"wp","href":"https:\/\/api.w.org\/{rel}","templated":true}]}}