{"id":10979,"date":"2023-12-12T13:44:10","date_gmt":"2023-12-12T12:44:10","guid":{"rendered":"https:\/\/agora.xtec.cat\/ceipsab\/?p=10979"},"modified":"2023-12-12T13:44:58","modified_gmt":"2023-12-12T12:44:58","slug":"racons-i5-1r-trimestre","status":"publish","type":"post","link":"https:\/\/agora.xtec.cat\/ceipsab\/educacio-infantil\/p5\/racons-i5-1r-trimestre\/","title":{"rendered":"RACONS I5 1r trimestre"},"content":{"rendered":"<p><span style=\"font-weight: 400\">Ja hem acabat els racons d\u2019aquest primer trimestre. Ens encanten i cada vegada som m\u00e9s aut\u00f2noms. Despr\u00e9s de portar a terme les diferents propostes del rac\u00f3 d\u2019aquell dia valorem a la nostra graella si hem necessitat ajuda, o no, i si ens ha agradat. <\/span><\/p>\n<p><a href=\"https:\/\/photos.app.goo.gl\/S7hYvHZeNiiffwxg6\"><img loading=\"lazy\" decoding=\"async\" class=\"alignnone wp-image-10980\" src=\"https:\/\/agora.xtec.cat\/ceipsab\/wp-content\/uploads\/usu1011\/2023\/12\/1-1.jpg\" alt=\"\" width=\"65\" height=\"65\" srcset=\"https:\/\/agora.xtec.cat\/ceipsab\/wp-content\/uploads\/usu1011\/2023\/12\/1-1.jpg 500w, https:\/\/agora.xtec.cat\/ceipsab\/wp-content\/uploads\/usu1011\/2023\/12\/1-1-300x300.jpg 300w, https:\/\/agora.xtec.cat\/ceipsab\/wp-content\/uploads\/usu1011\/2023\/12\/1-1-150x150.jpg 150w\" sizes=\"auto, (max-width: 65px) 100vw, 65px\" \/><\/a><\/p>\n<p><a href=\"https:\/\/photos.app.goo.gl\/3JchFVuogbTs564e9\"><img loading=\"lazy\" decoding=\"async\" class=\"alignnone wp-image-10969\" src=\"https:\/\/agora.xtec.cat\/ceipsab\/wp-content\/uploads\/usu1011\/2023\/12\/2.jpg\" alt=\"\" width=\"65\" height=\"65\" srcset=\"https:\/\/agora.xtec.cat\/ceipsab\/wp-content\/uploads\/usu1011\/2023\/12\/2.jpg 500w, https:\/\/agora.xtec.cat\/ceipsab\/wp-content\/uploads\/usu1011\/2023\/12\/2-300x300.jpg 300w, https:\/\/agora.xtec.cat\/ceipsab\/wp-content\/uploads\/usu1011\/2023\/12\/2-150x150.jpg 150w\" sizes=\"auto, (max-width: 65px) 100vw, 65px\" \/><\/a><\/p>\n<p>&nbsp;<\/p>\n","protected":false},"excerpt":{"rendered":"<p>Ja hem acabat els racons d\u2019aquest primer trimestre. Ens encanten i cada vegada som m\u00e9s aut\u00f2noms. Despr\u00e9s de portar a terme les diferents propostes del rac\u00f3 d\u2019aquell dia valorem a la nostra graella si hem necessitat ajuda, o no, i si ens ha agradat.<br \/>\n<a&hellip;  <a href=\"https:\/\/agora.xtec.cat\/ceipsab\/educacio-infantil\/p5\/racons-i5-1r-trimestre\/\" title=\"Read RACONS I5 1r trimestre\">Llegeix m\u00e9s\u00bb<\/a><\/p>\n","protected":false},"author":25,"featured_media":10982,"comment_status":"open","ping_status":"closed","sticky":false,"template":"","format":"standard","meta":{"_bbp_topic_count":0,"_bbp_reply_count":0,"_bbp_total_topic_count":0,"_bbp_total_reply_count":0,"_bbp_voice_count":0,"_bbp_anonymous_reply_count":0,"_bbp_topic_count_hidden":0,"_bbp_reply_count_hidden":0,"_bbp_forum_subforum_count":0,"footnotes":""},"categories":[62,9],"tags":[],"class_list":["post-10979","post","type-post","status-publish","format-standard","has-post-thumbnail","hentry","category-educacio-infantil","category-p5"],"post_mailing_queue_ids":[],"_links":{"self":[{"href":"https:\/\/agora.xtec.cat\/ceipsab\/wp-json\/wp\/v2\/posts\/10979","targetHints":{"allow":["GET"]}}],"collection":[{"href":"https:\/\/agora.xtec.cat\/ceipsab\/wp-json\/wp\/v2\/posts"}],"about":[{"href":"https:\/\/agora.xtec.cat\/ceipsab\/wp-json\/wp\/v2\/types\/post"}],"author":[{"embeddable":true,"href":"https:\/\/agora.xtec.cat\/ceipsab\/wp-json\/wp\/v2\/users\/25"}],"replies":[{"embeddable":true,"href":"https:\/\/agora.xtec.cat\/ceipsab\/wp-json\/wp\/v2\/comments?post=10979"}],"version-history":[{"count":1,"href":"https:\/\/agora.xtec.cat\/ceipsab\/wp-json\/wp\/v2\/posts\/10979\/revisions"}],"predecessor-version":[{"id":10981,"href":"https:\/\/agora.xtec.cat\/ceipsab\/wp-json\/wp\/v2\/posts\/10979\/revisions\/10981"}],"wp:featuredmedia":[{"embeddable":true,"href":"https:\/\/agora.xtec.cat\/ceipsab\/wp-json\/wp\/v2\/media\/10982"}],"wp:attachment":[{"href":"https:\/\/agora.xtec.cat\/ceipsab\/wp-json\/wp\/v2\/media?parent=10979"}],"wp:term":[{"taxonomy":"category","embeddable":true,"href":"https:\/\/agora.xtec.cat\/ceipsab\/wp-json\/wp\/v2\/categories?post=10979"},{"taxonomy":"post_tag","embeddable":true,"href":"https:\/\/agora.xtec.cat\/ceipsab\/wp-json\/wp\/v2\/tags?post=10979"}],"curies":[{"name":"wp","href":"https:\/\/api.w.org\/{rel}","templated":true}]}}