{"id":10966,"date":"2023-12-06T12:39:22","date_gmt":"2023-12-06T11:39:22","guid":{"rendered":"https:\/\/agora.xtec.cat\/ceipsab\/?p=10966"},"modified":"2023-12-12T13:45:33","modified_gmt":"2023-12-12T12:45:33","slug":"els-supernens","status":"publish","type":"post","link":"https:\/\/agora.xtec.cat\/ceipsab\/educacio-infantil\/p5\/els-supernens\/","title":{"rendered":"ELS SUPERNENS d&#8217;I5"},"content":{"rendered":"<p><span style=\"font-weight: 400\">El passat dia 3 de desembre va ser el dia de les persones amb discapacitat (diversitat funcional). A l&#8217;escola hem fet diferents activitats en relaci\u00f3 amb aquest tema. Hem escoltat un conte que es diu: &#8220;Supernenes!&#8221; on hem descobert que cadasc\u00fa t\u00e9 un gran superpoder, hem intentat ser supernens i fer activitats i jocs provant les nostres habilitats. Ens hem adonat que hi ha supernens i supernenes que amb perseveran\u00e7a fan coses tan fant\u00e0stiques com vestir-se amb sol bra\u00e7, llegir fent servir els dits sense veure o parlar amb les mans.<\/span><\/p>\n<p><i><span style=\"font-weight: 400\">Cliqueu les fotos de la classe si ens voleu veure.<\/span><\/i><\/p>\n<p><a href=\"https:\/\/photos.app.goo.gl\/xoyP3rvYXGgu1ppn8\"><img loading=\"lazy\" decoding=\"async\" class=\"alignnone wp-image-10968\" src=\"https:\/\/agora.xtec.cat\/ceipsab\/wp-content\/uploads\/usu1011\/2023\/12\/1.jpg\" alt=\"\" width=\"70\" height=\"70\" srcset=\"https:\/\/agora.xtec.cat\/ceipsab\/wp-content\/uploads\/usu1011\/2023\/12\/1.jpg 500w, https:\/\/agora.xtec.cat\/ceipsab\/wp-content\/uploads\/usu1011\/2023\/12\/1-300x300.jpg 300w, https:\/\/agora.xtec.cat\/ceipsab\/wp-content\/uploads\/usu1011\/2023\/12\/1-150x150.jpg 150w\" sizes=\"auto, (max-width: 70px) 100vw, 70px\" \/><\/a><\/p>\n<p><a href=\"https:\/\/photos.app.goo.gl\/HPgMafv1K9qNtxUN7\"><img loading=\"lazy\" decoding=\"async\" class=\"alignnone wp-image-10969\" src=\"https:\/\/agora.xtec.cat\/ceipsab\/wp-content\/uploads\/usu1011\/2023\/12\/2.jpg\" alt=\"\" width=\"74\" height=\"74\" srcset=\"https:\/\/agora.xtec.cat\/ceipsab\/wp-content\/uploads\/usu1011\/2023\/12\/2.jpg 500w, https:\/\/agora.xtec.cat\/ceipsab\/wp-content\/uploads\/usu1011\/2023\/12\/2-300x300.jpg 300w, https:\/\/agora.xtec.cat\/ceipsab\/wp-content\/uploads\/usu1011\/2023\/12\/2-150x150.jpg 150w\" sizes=\"auto, (max-width: 74px) 100vw, 74px\" \/><\/a><\/p>\n<p>&nbsp;<\/p>\n","protected":false},"excerpt":{"rendered":"<p>El passat dia 3 de desembre va ser el dia de les persones amb discapacitat (diversitat funcional). A l&#8217;escola hem fet diferents activitats en relaci\u00f3 amb aquest tema. Hem escoltat un conte que es diu: &#8220;Supernenes!&#8221; on hem descobert que cadasc\u00fa t\u00e9 un gran superpoder,&hellip;  <a href=\"https:\/\/agora.xtec.cat\/ceipsab\/educacio-infantil\/p5\/els-supernens\/\" title=\"Read ELS SUPERNENS d&#8217;I5\">Llegeix m\u00e9s\u00bb<\/a><\/p>\n","protected":false},"author":25,"featured_media":10967,"comment_status":"open","ping_status":"closed","sticky":false,"template":"","format":"standard","meta":{"_bbp_topic_count":0,"_bbp_reply_count":0,"_bbp_total_topic_count":0,"_bbp_total_reply_count":0,"_bbp_voice_count":0,"_bbp_anonymous_reply_count":0,"_bbp_topic_count_hidden":0,"_bbp_reply_count_hidden":0,"_bbp_forum_subforum_count":0,"footnotes":""},"categories":[62,9],"tags":[],"class_list":["post-10966","post","type-post","status-publish","format-standard","has-post-thumbnail","hentry","category-educacio-infantil","category-p5"],"post_mailing_queue_ids":[],"_links":{"self":[{"href":"https:\/\/agora.xtec.cat\/ceipsab\/wp-json\/wp\/v2\/posts\/10966","targetHints":{"allow":["GET"]}}],"collection":[{"href":"https:\/\/agora.xtec.cat\/ceipsab\/wp-json\/wp\/v2\/posts"}],"about":[{"href":"https:\/\/agora.xtec.cat\/ceipsab\/wp-json\/wp\/v2\/types\/post"}],"author":[{"embeddable":true,"href":"https:\/\/agora.xtec.cat\/ceipsab\/wp-json\/wp\/v2\/users\/25"}],"replies":[{"embeddable":true,"href":"https:\/\/agora.xtec.cat\/ceipsab\/wp-json\/wp\/v2\/comments?post=10966"}],"version-history":[{"count":2,"href":"https:\/\/agora.xtec.cat\/ceipsab\/wp-json\/wp\/v2\/posts\/10966\/revisions"}],"predecessor-version":[{"id":10983,"href":"https:\/\/agora.xtec.cat\/ceipsab\/wp-json\/wp\/v2\/posts\/10966\/revisions\/10983"}],"wp:featuredmedia":[{"embeddable":true,"href":"https:\/\/agora.xtec.cat\/ceipsab\/wp-json\/wp\/v2\/media\/10967"}],"wp:attachment":[{"href":"https:\/\/agora.xtec.cat\/ceipsab\/wp-json\/wp\/v2\/media?parent=10966"}],"wp:term":[{"taxonomy":"category","embeddable":true,"href":"https:\/\/agora.xtec.cat\/ceipsab\/wp-json\/wp\/v2\/categories?post=10966"},{"taxonomy":"post_tag","embeddable":true,"href":"https:\/\/agora.xtec.cat\/ceipsab\/wp-json\/wp\/v2\/tags?post=10966"}],"curies":[{"name":"wp","href":"https:\/\/api.w.org\/{rel}","templated":true}]}}