{"id":10962,"date":"2023-12-11T16:12:23","date_gmt":"2023-12-11T15:12:23","guid":{"rendered":"https:\/\/agora.xtec.cat\/ceipsab\/?p=10962"},"modified":"2023-12-11T16:14:42","modified_gmt":"2023-12-11T15:14:42","slug":"un-any-mes-el-nostre-mercat-solidari-amb-4t","status":"publish","type":"post","link":"https:\/\/agora.xtec.cat\/ceipsab\/primaria\/un-any-mes-el-nostre-mercat-solidari-amb-4t\/","title":{"rendered":"UN ANY M\u00c9S, EL NOSTRE MERCAT SOLIDARI AMB 4t"},"content":{"rendered":"<p><span style=\"font-weight: 400;\">Estimades fam\u00edlies, <\/span><\/p>\n<p><span style=\"font-weight: 400;\">Fa unes setmanes vam fer a l\u2019escola el tradicional Mercat Solidari per ajudar a la Creu Roja a recollir aliments, productes de neteja i higiene personal. Va ser tot un \u00e8xit i vam recollir molt: 158 productes d\u2019higiene, 104 de pasta, 23 de cereals, 25 de llegums i 35 d\u2019altres productes.<\/span><\/p>\n<p><span style=\"font-weight: 400;\">Us deixem aqu\u00ed unes fotos.<\/span><\/p>\n<p><span style=\"font-weight: 400;\">Hem apr\u00e8s a fer el gr\u00e0fics amb el full de c\u00e0lcul de Google dels productes que vam recollir.<\/span><\/p>\n<p>L&#8217;alumnat de 4t.<\/p>\n<p><a href=\"https:\/\/photos.app.goo.gl\/SrRi1b1UNTAMnGPTA\"><img loading=\"lazy\" decoding=\"async\" class=\"alignnone size-full wp-image-10963\" src=\"https:\/\/agora.xtec.cat\/ceipsab\/wp-content\/uploads\/usu1011\/2023\/12\/images.jpg\" alt=\"\" width=\"278\" height=\"181\" \/><\/a><\/p>\n","protected":false},"excerpt":{"rendered":"<p>Estimades fam\u00edlies,<br \/>\nFa unes setmanes vam fer a l\u2019escola el tradicional Mercat Solidari per ajudar a la Creu Roja a recollir aliments, productes de neteja i higiene personal. Va ser tot un \u00e8xit i vam recollir molt: 158 productes d\u2019higiene, 104 de pasta, 23 de&hellip;  <a href=\"https:\/\/agora.xtec.cat\/ceipsab\/primaria\/un-any-mes-el-nostre-mercat-solidari-amb-4t\/\" title=\"Read UN ANY M\u00c9S, EL NOSTRE MERCAT SOLIDARI AMB 4t\">Llegeix m\u00e9s\u00bb<\/a><\/p>\n","protected":false},"author":1,"featured_media":10963,"comment_status":"open","ping_status":"closed","sticky":false,"template":"","format":"standard","meta":{"_bbp_topic_count":0,"_bbp_reply_count":0,"_bbp_total_topic_count":0,"_bbp_total_reply_count":0,"_bbp_voice_count":0,"_bbp_anonymous_reply_count":0,"_bbp_topic_count_hidden":0,"_bbp_reply_count_hidden":0,"_bbp_forum_subforum_count":0,"footnotes":""},"categories":[13,64,5],"tags":[236,106,92,422],"class_list":["post-10962","post","type-post","status-publish","format-standard","has-post-thumbnail","hentry","category-4t","category-cicle-mitja","category-primaria","tag-creuroja","tag-mercatsolidari","tag-quart","tag-serveicomunitari"],"post_mailing_queue_ids":[],"_links":{"self":[{"href":"https:\/\/agora.xtec.cat\/ceipsab\/wp-json\/wp\/v2\/posts\/10962","targetHints":{"allow":["GET"]}}],"collection":[{"href":"https:\/\/agora.xtec.cat\/ceipsab\/wp-json\/wp\/v2\/posts"}],"about":[{"href":"https:\/\/agora.xtec.cat\/ceipsab\/wp-json\/wp\/v2\/types\/post"}],"author":[{"embeddable":true,"href":"https:\/\/agora.xtec.cat\/ceipsab\/wp-json\/wp\/v2\/users\/1"}],"replies":[{"embeddable":true,"href":"https:\/\/agora.xtec.cat\/ceipsab\/wp-json\/wp\/v2\/comments?post=10962"}],"version-history":[{"count":2,"href":"https:\/\/agora.xtec.cat\/ceipsab\/wp-json\/wp\/v2\/posts\/10962\/revisions"}],"predecessor-version":[{"id":10965,"href":"https:\/\/agora.xtec.cat\/ceipsab\/wp-json\/wp\/v2\/posts\/10962\/revisions\/10965"}],"wp:featuredmedia":[{"embeddable":true,"href":"https:\/\/agora.xtec.cat\/ceipsab\/wp-json\/wp\/v2\/media\/10963"}],"wp:attachment":[{"href":"https:\/\/agora.xtec.cat\/ceipsab\/wp-json\/wp\/v2\/media?parent=10962"}],"wp:term":[{"taxonomy":"category","embeddable":true,"href":"https:\/\/agora.xtec.cat\/ceipsab\/wp-json\/wp\/v2\/categories?post=10962"},{"taxonomy":"post_tag","embeddable":true,"href":"https:\/\/agora.xtec.cat\/ceipsab\/wp-json\/wp\/v2\/tags?post=10962"}],"curies":[{"name":"wp","href":"https:\/\/api.w.org\/{rel}","templated":true}]}}