{"id":10899,"date":"2023-11-17T09:15:59","date_gmt":"2023-11-17T08:15:59","guid":{"rendered":"https:\/\/agora.xtec.cat\/ceipsab\/?p=10899"},"modified":"2023-11-16T17:45:01","modified_gmt":"2023-11-16T16:45:01","slug":"2n-celebrem-la-castanyada-i-el-halloween","status":"publish","type":"post","link":"https:\/\/agora.xtec.cat\/ceipsab\/primaria\/cicle-inicial\/2n\/2n-celebrem-la-castanyada-i-el-halloween\/","title":{"rendered":"2n CELEBREM LA CASTANYADA I EL HALLOWEEN"},"content":{"rendered":"<p>Hola fam\u00edlies,<\/p>\n<p>Hem celebrat la Castanyada amb el Castanyer i la Castanyera com cada any. Tamb\u00e9 hem celebrat el Halloween amb disfresses\u00a0 terror\u00edfiques. Vam baixar al pati a menjar castanyes tots junts i despr\u00e9s vam jugar i ballar. Ja tenim ganes d&#8217;anar a 3r per poder entrar al t\u00fanel del terror amb els nostres amics.<\/p>\n<p>Us deixem algunes fotos.<\/p>\n<p><a href=\"https:\/\/photos.app.goo.gl\/fCvQxiR6UGCFN1F18\"><img loading=\"lazy\" decoding=\"async\" class=\"aligncenter\" src=\"https:\/\/lh3.googleusercontent.com\/pw\/ADCreHfGj4U4jij4XdmD5PRtt1mfb6Q7WgxNJkv994wGj0ZkQKe7jPy5xMF0zCaodrBlKuokLR6yGA9GTA4mrkKi8gx7z8slxkejdUOwS6bx8qZCBH1rou_owF7gVdzp1j1s8PoLw6yokjq_Xm41-4yTd_wo=w1142-h857-s-no-gm?authuser=3\" width=\"330\" height=\"248\" \/><\/a><\/p>\n<p>Els nens i les nenes de 2n<\/p>\n<p>&nbsp;<\/p>\n","protected":false},"excerpt":{"rendered":"<p>Hola fam\u00edlies,<br \/>\nHem celebrat la Castanyada amb el Castanyer i la Castanyera com cada any. Tamb\u00e9 hem celebrat el Halloween amb disfresses\u00a0 terror\u00edfiques. Vam baixar al pati a menjar castanyes tots junts i despr\u00e9s vam jugar i ballar. Ja tenim ganes d&#8217;anar a 3r per poder&hellip;  <a href=\"https:\/\/agora.xtec.cat\/ceipsab\/primaria\/cicle-inicial\/2n\/2n-celebrem-la-castanyada-i-el-halloween\/\" title=\"Read 2n CELEBREM LA CASTANYADA I EL HALLOWEEN\">Llegeix m\u00e9s\u00bb<\/a><\/p>\n","protected":false},"author":51,"featured_media":0,"comment_status":"open","ping_status":"closed","sticky":false,"template":"","format":"standard","meta":{"_bbp_topic_count":0,"_bbp_reply_count":0,"_bbp_total_topic_count":0,"_bbp_total_reply_count":0,"_bbp_voice_count":0,"_bbp_anonymous_reply_count":0,"_bbp_topic_count_hidden":0,"_bbp_reply_count_hidden":0,"_bbp_forum_subforum_count":0,"footnotes":""},"categories":[11,63],"tags":[],"class_list":["post-10899","post","type-post","status-publish","format-standard","hentry","category-2n","category-cicle-inicial"],"post_mailing_queue_ids":[],"_links":{"self":[{"href":"https:\/\/agora.xtec.cat\/ceipsab\/wp-json\/wp\/v2\/posts\/10899","targetHints":{"allow":["GET"]}}],"collection":[{"href":"https:\/\/agora.xtec.cat\/ceipsab\/wp-json\/wp\/v2\/posts"}],"about":[{"href":"https:\/\/agora.xtec.cat\/ceipsab\/wp-json\/wp\/v2\/types\/post"}],"author":[{"embeddable":true,"href":"https:\/\/agora.xtec.cat\/ceipsab\/wp-json\/wp\/v2\/users\/51"}],"replies":[{"embeddable":true,"href":"https:\/\/agora.xtec.cat\/ceipsab\/wp-json\/wp\/v2\/comments?post=10899"}],"version-history":[{"count":3,"href":"https:\/\/agora.xtec.cat\/ceipsab\/wp-json\/wp\/v2\/posts\/10899\/revisions"}],"predecessor-version":[{"id":10926,"href":"https:\/\/agora.xtec.cat\/ceipsab\/wp-json\/wp\/v2\/posts\/10899\/revisions\/10926"}],"wp:attachment":[{"href":"https:\/\/agora.xtec.cat\/ceipsab\/wp-json\/wp\/v2\/media?parent=10899"}],"wp:term":[{"taxonomy":"category","embeddable":true,"href":"https:\/\/agora.xtec.cat\/ceipsab\/wp-json\/wp\/v2\/categories?post=10899"},{"taxonomy":"post_tag","embeddable":true,"href":"https:\/\/agora.xtec.cat\/ceipsab\/wp-json\/wp\/v2\/tags?post=10899"}],"curies":[{"name":"wp","href":"https:\/\/api.w.org\/{rel}","templated":true}]}}