{"id":10897,"date":"2023-11-14T17:44:22","date_gmt":"2023-11-14T16:44:22","guid":{"rendered":"https:\/\/agora.xtec.cat\/ceipsab\/?p=10897"},"modified":"2023-11-14T17:44:22","modified_gmt":"2023-11-14T16:44:22","slug":"he-has-a-red-red-coat-christmas-song","status":"publish","type":"post","link":"https:\/\/agora.xtec.cat\/ceipsab\/educacio-infantil\/p5\/he-has-a-red-red-coat-christmas-song\/","title":{"rendered":"He has a red, red coat (Christmas song)"},"content":{"rendered":"<p>Hello families!<\/p>\n<p>These weeks we are preparing our song for the Christmas concert at school, so, if you want, you can put it at home to practice a little bit! \ud83c\udf84\ud83c\udf84<\/p>\n<p>&nbsp;<\/p>\n<p>Hola fam\u00edlies!<\/p>\n<p>Aquestes setmanes estem preparant la can\u00e7\u00f3 pel concert de Nadal a l&#8217;escola, aix\u00ed que, si voleu, podeu posar-la a casa per practicar-la una miqueta! \ud83c\udf84\ud83c\udf84<\/p>\n<p><iframe loading=\"lazy\" title=\"Santa He Has a Red Red Coat with Lyrics | Christmas Song\" width=\"500\" height=\"281\" src=\"https:\/\/www.youtube.com\/embed\/ERqgBXBmJDw?feature=oembed\" frameborder=\"0\" allow=\"accelerometer; autoplay; clipboard-write; encrypted-media; gyroscope; picture-in-picture; web-share\" referrerpolicy=\"strict-origin-when-cross-origin\" allowfullscreen><\/iframe><\/p>\n","protected":false},"excerpt":{"rendered":"<p>Hello families!<br \/>\nThese weeks we are preparing our song for the Christmas concert at school, so, if you want, you can put it at home to practice a little bit! \ud83c\udf84\ud83c\udf84<br \/>\n&nbsp;<br \/>\nHola fam\u00edlies!<br \/>\nAquestes setmanes estem preparant la can\u00e7\u00f3 pel concert de Nadal a l&#8217;escola, aix\u00ed que, si&hellip;  <a href=\"https:\/\/agora.xtec.cat\/ceipsab\/educacio-infantil\/p5\/he-has-a-red-red-coat-christmas-song\/\" title=\"Read He has a red, red coat (Christmas song)\">Llegeix m\u00e9s\u00bb<\/a><\/p>\n","protected":false},"author":1,"featured_media":0,"comment_status":"closed","ping_status":"closed","sticky":false,"template":"","format":"standard","meta":{"_bbp_topic_count":0,"_bbp_reply_count":0,"_bbp_total_topic_count":0,"_bbp_total_reply_count":0,"_bbp_voice_count":0,"_bbp_anonymous_reply_count":0,"_bbp_topic_count_hidden":0,"_bbp_reply_count_hidden":0,"_bbp_forum_subforum_count":0,"footnotes":""},"categories":[76,9,69],"tags":[],"class_list":["post-10897","post","type-post","status-publish","format-standard","hentry","category-festival","category-p5","category-pre-school"],"post_mailing_queue_ids":[],"_links":{"self":[{"href":"https:\/\/agora.xtec.cat\/ceipsab\/wp-json\/wp\/v2\/posts\/10897","targetHints":{"allow":["GET"]}}],"collection":[{"href":"https:\/\/agora.xtec.cat\/ceipsab\/wp-json\/wp\/v2\/posts"}],"about":[{"href":"https:\/\/agora.xtec.cat\/ceipsab\/wp-json\/wp\/v2\/types\/post"}],"author":[{"embeddable":true,"href":"https:\/\/agora.xtec.cat\/ceipsab\/wp-json\/wp\/v2\/users\/1"}],"replies":[{"embeddable":true,"href":"https:\/\/agora.xtec.cat\/ceipsab\/wp-json\/wp\/v2\/comments?post=10897"}],"version-history":[{"count":1,"href":"https:\/\/agora.xtec.cat\/ceipsab\/wp-json\/wp\/v2\/posts\/10897\/revisions"}],"predecessor-version":[{"id":10898,"href":"https:\/\/agora.xtec.cat\/ceipsab\/wp-json\/wp\/v2\/posts\/10897\/revisions\/10898"}],"wp:attachment":[{"href":"https:\/\/agora.xtec.cat\/ceipsab\/wp-json\/wp\/v2\/media?parent=10897"}],"wp:term":[{"taxonomy":"category","embeddable":true,"href":"https:\/\/agora.xtec.cat\/ceipsab\/wp-json\/wp\/v2\/categories?post=10897"},{"taxonomy":"post_tag","embeddable":true,"href":"https:\/\/agora.xtec.cat\/ceipsab\/wp-json\/wp\/v2\/tags?post=10897"}],"curies":[{"name":"wp","href":"https:\/\/api.w.org\/{rel}","templated":true}]}}