{"id":10883,"date":"2023-11-07T12:51:39","date_gmt":"2023-11-07T11:51:39","guid":{"rendered":"https:\/\/agora.xtec.cat\/ceipsab\/?p=10883"},"modified":"2023-11-14T12:52:38","modified_gmt":"2023-11-14T11:52:38","slug":"la-tardor-a-la-biblioteca","status":"publish","type":"post","link":"https:\/\/agora.xtec.cat\/ceipsab\/portada\/la-tardor-a-la-biblioteca\/","title":{"rendered":"LA TARDOR A LA BIBLIOTECA"},"content":{"rendered":"<p>La tardor tamb\u00e9 ha arribat a la nostra biblioteca. I aix\u00ed ens va rebre a la seva porta un munt de llibres, revistes i \u00e0lbum relacionats amb la tardor. Ara, continuareu trobant aquesta selecci\u00f3 de tardor exposada a dins de la biblioteca per llegir, consultar o agafar en pr\u00e9stec.<\/p>\n<p>Bona lectura!!!<\/p>\n<p><a href=\"https:\/\/agora.xtec.cat\/ceipsab\/wp-content\/uploads\/usu1011\/2023\/11\/BE-tardor.jpg\"><img loading=\"lazy\" decoding=\"async\" class=\"alignnone wp-image-10885\" src=\"https:\/\/agora.xtec.cat\/ceipsab\/wp-content\/uploads\/usu1011\/2023\/11\/BE-tardor.jpg\" alt=\"\" width=\"427\" height=\"562\" srcset=\"https:\/\/agora.xtec.cat\/ceipsab\/wp-content\/uploads\/usu1011\/2023\/11\/BE-tardor.jpg 679w, https:\/\/agora.xtec.cat\/ceipsab\/wp-content\/uploads\/usu1011\/2023\/11\/BE-tardor-228x300.jpg 228w\" sizes=\"auto, (max-width: 427px) 100vw, 427px\" \/><\/a><\/p>\n","protected":false},"excerpt":{"rendered":"<p>La tardor tamb\u00e9 ha arribat a la nostra biblioteca. I aix\u00ed ens va rebre a la seva porta un munt de llibres, revistes i \u00e0lbum relacionats amb la tardor. Ara, continuareu trobant aquesta selecci\u00f3 de tardor exposada a dins de la biblioteca per llegir, consultar&hellip;  <a href=\"https:\/\/agora.xtec.cat\/ceipsab\/portada\/la-tardor-a-la-biblioteca\/\" title=\"Read LA TARDOR A LA BIBLIOTECA\">Llegeix m\u00e9s\u00bb<\/a><\/p>\n","protected":false},"author":25,"featured_media":10885,"comment_status":"open","ping_status":"closed","sticky":false,"template":"","format":"standard","meta":{"_bbp_topic_count":0,"_bbp_reply_count":0,"_bbp_total_topic_count":0,"_bbp_total_reply_count":0,"_bbp_voice_count":0,"_bbp_anonymous_reply_count":0,"_bbp_topic_count_hidden":0,"_bbp_reply_count_hidden":0,"_bbp_forum_subforum_count":0,"footnotes":""},"categories":[412,4],"tags":[],"class_list":["post-10883","post","type-post","status-publish","format-standard","has-post-thumbnail","hentry","category-biblioteca-escolar","category-portada"],"post_mailing_queue_ids":[],"_links":{"self":[{"href":"https:\/\/agora.xtec.cat\/ceipsab\/wp-json\/wp\/v2\/posts\/10883","targetHints":{"allow":["GET"]}}],"collection":[{"href":"https:\/\/agora.xtec.cat\/ceipsab\/wp-json\/wp\/v2\/posts"}],"about":[{"href":"https:\/\/agora.xtec.cat\/ceipsab\/wp-json\/wp\/v2\/types\/post"}],"author":[{"embeddable":true,"href":"https:\/\/agora.xtec.cat\/ceipsab\/wp-json\/wp\/v2\/users\/25"}],"replies":[{"embeddable":true,"href":"https:\/\/agora.xtec.cat\/ceipsab\/wp-json\/wp\/v2\/comments?post=10883"}],"version-history":[{"count":1,"href":"https:\/\/agora.xtec.cat\/ceipsab\/wp-json\/wp\/v2\/posts\/10883\/revisions"}],"predecessor-version":[{"id":10886,"href":"https:\/\/agora.xtec.cat\/ceipsab\/wp-json\/wp\/v2\/posts\/10883\/revisions\/10886"}],"wp:featuredmedia":[{"embeddable":true,"href":"https:\/\/agora.xtec.cat\/ceipsab\/wp-json\/wp\/v2\/media\/10885"}],"wp:attachment":[{"href":"https:\/\/agora.xtec.cat\/ceipsab\/wp-json\/wp\/v2\/media?parent=10883"}],"wp:term":[{"taxonomy":"category","embeddable":true,"href":"https:\/\/agora.xtec.cat\/ceipsab\/wp-json\/wp\/v2\/categories?post=10883"},{"taxonomy":"post_tag","embeddable":true,"href":"https:\/\/agora.xtec.cat\/ceipsab\/wp-json\/wp\/v2\/tags?post=10883"}],"curies":[{"name":"wp","href":"https:\/\/api.w.org\/{rel}","templated":true}]}}