{"id":10821,"date":"2023-11-03T09:20:57","date_gmt":"2023-11-03T08:20:57","guid":{"rendered":"https:\/\/agora.xtec.cat\/ceipsab\/?p=10821"},"modified":"2023-11-03T09:21:15","modified_gmt":"2023-11-03T08:21:15","slug":"sortida-al-museu-moli-paperer-de-capellades","status":"publish","type":"post","link":"https:\/\/agora.xtec.cat\/ceipsab\/educacio-infantil\/p5\/general\/sortida-al-museu-moli-paperer-de-capellades\/","title":{"rendered":"Sortida al Museu Mol\u00ed Paperer de Capellades"},"content":{"rendered":"<p>Bon dia fam\u00edlies.<\/p>\n<p>El 17 d&#8217;octubre els grups de 4t vam visitar el Museu Mol\u00ed Paperer situat a la localitat de Capellades.<\/p>\n<p>Vam poder veure i experimentar el proc\u00e9s artesanal que cal seguir per a realitzar paper. No \u00e9s gens f\u00e0cil!<\/p>\n<p>Va ser un dia molt divertit, cliqueu a sobre de la imatge per a veure m\u00e9s!<\/p>\n<p>Mestres.<\/p>\n<p><a href=\"https:\/\/photos.app.goo.gl\/NLZE9fsFjvPqZRcg6\"><img loading=\"lazy\" decoding=\"async\" class=\"wp-image-10822 aligncenter\" src=\"https:\/\/agora.xtec.cat\/ceipsab\/wp-content\/uploads\/usu1011\/2023\/11\/Moli-Paperer-4t.jpg\" alt=\"\" width=\"245\" height=\"327\" srcset=\"https:\/\/agora.xtec.cat\/ceipsab\/wp-content\/uploads\/usu1011\/2023\/11\/Moli-Paperer-4t.jpg 678w, https:\/\/agora.xtec.cat\/ceipsab\/wp-content\/uploads\/usu1011\/2023\/11\/Moli-Paperer-4t-225x300.jpg 225w\" sizes=\"auto, (max-width: 245px) 100vw, 245px\" \/><\/a><\/p>\n","protected":false},"excerpt":{"rendered":"<p>Bon dia fam\u00edlies.<br \/>\nEl 17 d&#8217;octubre els grups de 4t vam visitar el Museu Mol\u00ed Paperer situat a la localitat de Capellades.<br \/>\nVam poder veure i experimentar el proc\u00e9s artesanal que cal seguir per a realitzar paper. No \u00e9s gens f\u00e0cil!<br \/>\nVa ser un dia molt divertit, cliqueu&hellip;  <a href=\"https:\/\/agora.xtec.cat\/ceipsab\/educacio-infantil\/p5\/general\/sortida-al-museu-moli-paperer-de-capellades\/\" title=\"Read Sortida al Museu Mol\u00ed Paperer de Capellades\">Llegeix m\u00e9s\u00bb<\/a><\/p>\n","protected":false},"author":1,"featured_media":0,"comment_status":"open","ping_status":"closed","sticky":false,"template":"","format":"standard","meta":{"_bbp_topic_count":0,"_bbp_reply_count":0,"_bbp_total_topic_count":0,"_bbp_total_reply_count":0,"_bbp_voice_count":0,"_bbp_anonymous_reply_count":0,"_bbp_topic_count_hidden":0,"_bbp_reply_count_hidden":0,"_bbp_forum_subforum_count":0,"footnotes":""},"categories":[13,64,5,1],"tags":[],"class_list":["post-10821","post","type-post","status-publish","format-standard","hentry","category-4t","category-cicle-mitja","category-primaria","category-general"],"post_mailing_queue_ids":[],"_links":{"self":[{"href":"https:\/\/agora.xtec.cat\/ceipsab\/wp-json\/wp\/v2\/posts\/10821","targetHints":{"allow":["GET"]}}],"collection":[{"href":"https:\/\/agora.xtec.cat\/ceipsab\/wp-json\/wp\/v2\/posts"}],"about":[{"href":"https:\/\/agora.xtec.cat\/ceipsab\/wp-json\/wp\/v2\/types\/post"}],"author":[{"embeddable":true,"href":"https:\/\/agora.xtec.cat\/ceipsab\/wp-json\/wp\/v2\/users\/1"}],"replies":[{"embeddable":true,"href":"https:\/\/agora.xtec.cat\/ceipsab\/wp-json\/wp\/v2\/comments?post=10821"}],"version-history":[{"count":1,"href":"https:\/\/agora.xtec.cat\/ceipsab\/wp-json\/wp\/v2\/posts\/10821\/revisions"}],"predecessor-version":[{"id":10831,"href":"https:\/\/agora.xtec.cat\/ceipsab\/wp-json\/wp\/v2\/posts\/10821\/revisions\/10831"}],"wp:attachment":[{"href":"https:\/\/agora.xtec.cat\/ceipsab\/wp-json\/wp\/v2\/media?parent=10821"}],"wp:term":[{"taxonomy":"category","embeddable":true,"href":"https:\/\/agora.xtec.cat\/ceipsab\/wp-json\/wp\/v2\/categories?post=10821"},{"taxonomy":"post_tag","embeddable":true,"href":"https:\/\/agora.xtec.cat\/ceipsab\/wp-json\/wp\/v2\/tags?post=10821"}],"curies":[{"name":"wp","href":"https:\/\/api.w.org\/{rel}","templated":true}]}}