{"id":10802,"date":"2023-10-30T15:27:34","date_gmt":"2023-10-30T14:27:34","guid":{"rendered":"https:\/\/agora.xtec.cat\/ceipsab\/?p=10802"},"modified":"2023-10-30T15:27:34","modified_gmt":"2023-10-30T14:27:34","slug":"taller-de-samarretes-amb-4t","status":"publish","type":"post","link":"https:\/\/agora.xtec.cat\/ceipsab\/primaria\/taller-de-samarretes-amb-4t\/","title":{"rendered":"Taller de Samarretes amb 4t"},"content":{"rendered":"<p>Durant aquests dies hem estat creant les nostres samarretes de, podr\u00edem dir, l&#8217;escola.<\/p>\n<p>V\u00e0rem seleccionar quina t\u00e8cnica ens agradava m\u00e9s i, despr\u00e9s, v\u00e0rem sortir per grups a pintar-les.<\/p>\n<p>Ens van grans (a veure si duren fins 6\u00e8) per\u00f2 s\u00f3n una &#8220;passada&#8221;.<a href=\"https:\/\/photos.app.goo.gl\/utwC3yTMpsKqQ2Uc6\"><img loading=\"lazy\" decoding=\"async\" class=\"alignnone size-full wp-image-10803\" src=\"https:\/\/agora.xtec.cat\/ceipsab\/wp-content\/uploads\/usu1011\/2023\/10\/baixa.jpg\" alt=\"\" width=\"198\" height=\"255\" \/><\/a><\/p>\n","protected":false},"excerpt":{"rendered":"<p>Durant aquests dies hem estat creant les nostres samarretes de, podr\u00edem dir, l&#8217;escola.<br \/>\nV\u00e0rem seleccionar quina t\u00e8cnica ens agradava m\u00e9s i, despr\u00e9s, v\u00e0rem sortir per grups a pintar-les.<br \/>\nEns van grans (a veure si duren fins 6\u00e8) per\u00f2 s\u00f3n una &#8220;passada&#8221;.<a href=\"https:\/\/photos.app.goo.gl\/utwC3yTMpsKqQ2Uc6\"><\/a><\/p>\n","protected":false},"author":1,"featured_media":10803,"comment_status":"open","ping_status":"closed","sticky":false,"template":"","format":"standard","meta":{"_bbp_topic_count":0,"_bbp_reply_count":0,"_bbp_total_topic_count":0,"_bbp_total_reply_count":0,"_bbp_voice_count":0,"_bbp_anonymous_reply_count":0,"_bbp_topic_count_hidden":0,"_bbp_reply_count_hidden":0,"_bbp_forum_subforum_count":0,"footnotes":""},"categories":[13,64,5],"tags":[418,114,265,305],"class_list":["post-10802","post","type-post","status-publish","format-standard","has-post-thumbnail","hentry","category-4t","category-cicle-mitja","category-primaria","tag-artistica","tag-escolasab","tag-pintura","tag-samarretes"],"post_mailing_queue_ids":[],"_links":{"self":[{"href":"https:\/\/agora.xtec.cat\/ceipsab\/wp-json\/wp\/v2\/posts\/10802","targetHints":{"allow":["GET"]}}],"collection":[{"href":"https:\/\/agora.xtec.cat\/ceipsab\/wp-json\/wp\/v2\/posts"}],"about":[{"href":"https:\/\/agora.xtec.cat\/ceipsab\/wp-json\/wp\/v2\/types\/post"}],"author":[{"embeddable":true,"href":"https:\/\/agora.xtec.cat\/ceipsab\/wp-json\/wp\/v2\/users\/1"}],"replies":[{"embeddable":true,"href":"https:\/\/agora.xtec.cat\/ceipsab\/wp-json\/wp\/v2\/comments?post=10802"}],"version-history":[{"count":1,"href":"https:\/\/agora.xtec.cat\/ceipsab\/wp-json\/wp\/v2\/posts\/10802\/revisions"}],"predecessor-version":[{"id":10804,"href":"https:\/\/agora.xtec.cat\/ceipsab\/wp-json\/wp\/v2\/posts\/10802\/revisions\/10804"}],"wp:featuredmedia":[{"embeddable":true,"href":"https:\/\/agora.xtec.cat\/ceipsab\/wp-json\/wp\/v2\/media\/10803"}],"wp:attachment":[{"href":"https:\/\/agora.xtec.cat\/ceipsab\/wp-json\/wp\/v2\/media?parent=10802"}],"wp:term":[{"taxonomy":"category","embeddable":true,"href":"https:\/\/agora.xtec.cat\/ceipsab\/wp-json\/wp\/v2\/categories?post=10802"},{"taxonomy":"post_tag","embeddable":true,"href":"https:\/\/agora.xtec.cat\/ceipsab\/wp-json\/wp\/v2\/tags?post=10802"}],"curies":[{"name":"wp","href":"https:\/\/api.w.org\/{rel}","templated":true}]}}