{"id":10727,"date":"2023-10-23T12:32:46","date_gmt":"2023-10-23T10:32:46","guid":{"rendered":"https:\/\/agora.xtec.cat\/ceipsab\/?p=10727"},"modified":"2023-10-24T16:32:10","modified_gmt":"2023-10-24T14:32:10","slug":"sortida-i5-gimcana-tardor-al-bosc","status":"publish","type":"post","link":"https:\/\/agora.xtec.cat\/ceipsab\/educacio-infantil\/p5\/general\/sortida-i5-gimcana-tardor-al-bosc\/","title":{"rendered":"SORTIDA I5 GIMCANA TARDOR AL BOSC"},"content":{"rendered":"<p>El passat dimarts 17 d&#8217;octubre els infants d&#8217;I5 vam anar de sortida al Bosc a Can Rigol. Ha sigut fant\u00e0stic observar el bosc amb els colors de la tardor. A m\u00e9s vam poder ajudar a Maria Castanya fent una gimcana buscant les pistes per recollir tots els ingredients per fer un xarop. Tamb\u00e9 hem descobert moltes coses interessants: com que alguns bolets s\u00f3n verinosos i no es poden tocar, que el roure t\u00e9 la fulla en forma de n\u00favol, hem vist penjades d&#8217;animals&#8230; Ha sigut una gran aventura si voleu donar una ullada, cliqueu a la foto.<\/p>\n<p><a href=\"https:\/\/photos.app.goo.gl\/XuqpqcfaBESsabGY7\"><img loading=\"lazy\" decoding=\"async\" class=\"alignnone size-medium wp-image-10728\" src=\"https:\/\/agora.xtec.cat\/ceipsab\/wp-content\/uploads\/usu1011\/2023\/10\/FOTO-CAN-RIGOL-300x200.jpg\" alt=\"\" width=\"300\" height=\"200\" srcset=\"https:\/\/agora.xtec.cat\/ceipsab\/wp-content\/uploads\/usu1011\/2023\/10\/FOTO-CAN-RIGOL-300x200.jpg 300w, https:\/\/agora.xtec.cat\/ceipsab\/wp-content\/uploads\/usu1011\/2023\/10\/FOTO-CAN-RIGOL-1024x682.jpg 1024w, https:\/\/agora.xtec.cat\/ceipsab\/wp-content\/uploads\/usu1011\/2023\/10\/FOTO-CAN-RIGOL-768x512.jpg 768w, https:\/\/agora.xtec.cat\/ceipsab\/wp-content\/uploads\/usu1011\/2023\/10\/FOTO-CAN-RIGOL.jpg 1159w\" sizes=\"auto, (max-width: 300px) 100vw, 300px\" \/><\/a><\/p>\n<p>&nbsp;<\/p>\n<p>&nbsp;<\/p>\n<p>&nbsp;<\/p>\n","protected":false},"excerpt":{"rendered":"<p>El passat dimarts 17 d&#8217;octubre els infants d&#8217;I5 vam anar de sortida al Bosc a Can Rigol. Ha sigut fant\u00e0stic observar el bosc amb els colors de la tardor. A m\u00e9s vam poder ajudar a Maria Castanya fent una gimcana buscant les pistes per recollir&hellip;  <a href=\"https:\/\/agora.xtec.cat\/ceipsab\/educacio-infantil\/p5\/general\/sortida-i5-gimcana-tardor-al-bosc\/\" title=\"Read SORTIDA I5 GIMCANA TARDOR AL BOSC\">Llegeix m\u00e9s\u00bb<\/a><\/p>\n","protected":false},"author":7,"featured_media":10728,"comment_status":"open","ping_status":"closed","sticky":false,"template":"","format":"standard","meta":{"_bbp_topic_count":0,"_bbp_reply_count":0,"_bbp_total_topic_count":0,"_bbp_total_reply_count":0,"_bbp_voice_count":0,"_bbp_anonymous_reply_count":0,"_bbp_topic_count_hidden":0,"_bbp_reply_count_hidden":0,"_bbp_forum_subforum_count":0,"footnotes":""},"categories":[62,1,9],"tags":[381,385,195,193],"class_list":["post-10727","post","type-post","status-publish","format-standard","has-post-thumbnail","hentry","category-educacio-infantil","category-general","category-p5","tag-bosc","tag-i5","tag-sortida","tag-tardor"],"post_mailing_queue_ids":[],"_links":{"self":[{"href":"https:\/\/agora.xtec.cat\/ceipsab\/wp-json\/wp\/v2\/posts\/10727","targetHints":{"allow":["GET"]}}],"collection":[{"href":"https:\/\/agora.xtec.cat\/ceipsab\/wp-json\/wp\/v2\/posts"}],"about":[{"href":"https:\/\/agora.xtec.cat\/ceipsab\/wp-json\/wp\/v2\/types\/post"}],"author":[{"embeddable":true,"href":"https:\/\/agora.xtec.cat\/ceipsab\/wp-json\/wp\/v2\/users\/7"}],"replies":[{"embeddable":true,"href":"https:\/\/agora.xtec.cat\/ceipsab\/wp-json\/wp\/v2\/comments?post=10727"}],"version-history":[{"count":2,"href":"https:\/\/agora.xtec.cat\/ceipsab\/wp-json\/wp\/v2\/posts\/10727\/revisions"}],"predecessor-version":[{"id":10730,"href":"https:\/\/agora.xtec.cat\/ceipsab\/wp-json\/wp\/v2\/posts\/10727\/revisions\/10730"}],"wp:featuredmedia":[{"embeddable":true,"href":"https:\/\/agora.xtec.cat\/ceipsab\/wp-json\/wp\/v2\/media\/10728"}],"wp:attachment":[{"href":"https:\/\/agora.xtec.cat\/ceipsab\/wp-json\/wp\/v2\/media?parent=10727"}],"wp:term":[{"taxonomy":"category","embeddable":true,"href":"https:\/\/agora.xtec.cat\/ceipsab\/wp-json\/wp\/v2\/categories?post=10727"},{"taxonomy":"post_tag","embeddable":true,"href":"https:\/\/agora.xtec.cat\/ceipsab\/wp-json\/wp\/v2\/tags?post=10727"}],"curies":[{"name":"wp","href":"https:\/\/api.w.org\/{rel}","templated":true}]}}