{"id":10702,"date":"2023-10-06T14:58:01","date_gmt":"2023-10-06T12:58:01","guid":{"rendered":"https:\/\/agora.xtec.cat\/ceipsab\/?p=10702"},"modified":"2025-06-10T16:06:04","modified_gmt":"2025-06-10T14:06:04","slug":"comencem-el-prestec-a-la-biblioteca-de-lescola","status":"publish","type":"post","link":"https:\/\/agora.xtec.cat\/ceipsab\/biblioteca-escolar\/comencem-el-prestec-a-la-biblioteca-de-lescola\/","title":{"rendered":"COMENCEM EL PR\u00c9STEC A LA BIBLIOTECA DE L&#8217;ESCOLA"},"content":{"rendered":"<p><span style=\"font-weight: 400\">El proper dimarts 10 d&#8217;octubre iniciem el pr\u00e9stec a la biblioteca de l&#8217;escola. Ets dels grans de l&#8217;escola (4t, 5\u00e8 i 6\u00e8)? T\u2019agrada llegir? T&#8217;agradaria poder-los llegir a casa o a les estones lliures? <\/span><span style=\"font-weight: 400\">Doncs vine els dimarts o dijous a la biblioteca de l\u2019escola i tria el que m\u00e9s t\u2019agradi!!!<\/span><\/p>\n<p>Nom\u00e9s cal seguir les <strong><span style=\"text-decoration: underline\"><a href=\"https:\/\/photos.app.goo.gl\/K8GBR8gqqLzUJVDWA\">normes<\/a> <\/span><\/strong>per poder tenir una BONA LECTURA!!!<\/p>\n<p><a href=\"https:\/\/agora.xtec.cat\/ceipsab\/wp-content\/uploads\/usu1011\/2023\/10\/BE-prestec.jpg\"><img loading=\"lazy\" decoding=\"async\" class=\"alignnone size-full wp-image-10889\" src=\"https:\/\/agora.xtec.cat\/ceipsab\/wp-content\/uploads\/usu1011\/2023\/10\/BE-prestec.jpg\" alt=\"\" width=\"586\" height=\"841\" srcset=\"https:\/\/agora.xtec.cat\/ceipsab\/wp-content\/uploads\/usu1011\/2023\/10\/BE-prestec.jpg 586w, https:\/\/agora.xtec.cat\/ceipsab\/wp-content\/uploads\/usu1011\/2023\/10\/BE-prestec-209x300.jpg 209w\" sizes=\"auto, (max-width: 586px) 100vw, 586px\" \/><\/a><\/p>\n<p>&nbsp;<\/p>\n","protected":false},"excerpt":{"rendered":"<p>El proper dimarts 10 d&#8217;octubre iniciem el pr\u00e9stec a la biblioteca de l&#8217;escola. Ets dels grans de l&#8217;escola (4t, 5\u00e8 i 6\u00e8)? T\u2019agrada llegir? T&#8217;agradaria poder-los llegir a casa o a les estones lliures? Doncs vine els dimarts o dijous a la biblioteca de l\u2019escola&hellip;  <a href=\"https:\/\/agora.xtec.cat\/ceipsab\/biblioteca-escolar\/comencem-el-prestec-a-la-biblioteca-de-lescola\/\" title=\"Read COMENCEM EL PR\u00c9STEC A LA BIBLIOTECA DE L&#8217;ESCOLA\">Llegeix m\u00e9s\u00bb<\/a><\/p>\n","protected":false},"author":25,"featured_media":10889,"comment_status":"open","ping_status":"closed","sticky":false,"template":"","format":"standard","meta":{"_bbp_topic_count":0,"_bbp_reply_count":0,"_bbp_total_topic_count":0,"_bbp_total_reply_count":0,"_bbp_voice_count":0,"_bbp_anonymous_reply_count":0,"_bbp_topic_count_hidden":0,"_bbp_reply_count_hidden":0,"_bbp_forum_subforum_count":0,"footnotes":""},"categories":[412],"tags":[],"class_list":["post-10702","post","type-post","status-publish","format-standard","has-post-thumbnail","hentry","category-biblioteca-escolar"],"post_mailing_queue_ids":[],"_links":{"self":[{"href":"https:\/\/agora.xtec.cat\/ceipsab\/wp-json\/wp\/v2\/posts\/10702","targetHints":{"allow":["GET"]}}],"collection":[{"href":"https:\/\/agora.xtec.cat\/ceipsab\/wp-json\/wp\/v2\/posts"}],"about":[{"href":"https:\/\/agora.xtec.cat\/ceipsab\/wp-json\/wp\/v2\/types\/post"}],"author":[{"embeddable":true,"href":"https:\/\/agora.xtec.cat\/ceipsab\/wp-json\/wp\/v2\/users\/25"}],"replies":[{"embeddable":true,"href":"https:\/\/agora.xtec.cat\/ceipsab\/wp-json\/wp\/v2\/comments?post=10702"}],"version-history":[{"count":6,"href":"https:\/\/agora.xtec.cat\/ceipsab\/wp-json\/wp\/v2\/posts\/10702\/revisions"}],"predecessor-version":[{"id":12189,"href":"https:\/\/agora.xtec.cat\/ceipsab\/wp-json\/wp\/v2\/posts\/10702\/revisions\/12189"}],"wp:featuredmedia":[{"embeddable":true,"href":"https:\/\/agora.xtec.cat\/ceipsab\/wp-json\/wp\/v2\/media\/10889"}],"wp:attachment":[{"href":"https:\/\/agora.xtec.cat\/ceipsab\/wp-json\/wp\/v2\/media?parent=10702"}],"wp:term":[{"taxonomy":"category","embeddable":true,"href":"https:\/\/agora.xtec.cat\/ceipsab\/wp-json\/wp\/v2\/categories?post=10702"},{"taxonomy":"post_tag","embeddable":true,"href":"https:\/\/agora.xtec.cat\/ceipsab\/wp-json\/wp\/v2\/tags?post=10702"}],"curies":[{"name":"wp","href":"https:\/\/api.w.org\/{rel}","templated":true}]}}