{"id":10692,"date":"2023-10-05T16:09:01","date_gmt":"2023-10-05T14:09:01","guid":{"rendered":"https:\/\/agora.xtec.cat\/ceipsab\/?p=10692"},"modified":"2023-10-05T16:09:01","modified_gmt":"2023-10-05T14:09:01","slug":"sortida-can-llopart","status":"publish","type":"post","link":"https:\/\/agora.xtec.cat\/ceipsab\/primaria\/cicle-inicial\/2n\/sortida-can-llopart\/","title":{"rendered":"SORTIDA CAN LLOPART"},"content":{"rendered":"<p>Hola papis i mamis,<\/p>\n<p>Com ja sabeu el passat 18 de setembre vam anar d&#8217;excursi\u00f3 a Can Llopart. Per arribar-hi vam anar per la muntanya, hem vist molts arbres silvestres i vam veure un arbre que li havien tret l&#8217;escor\u00e7a. Quan vam arribar, vam esmorzar i jugar. A la tornada vam anar per un cam\u00ed m\u00e9s curt, vam veure cases, cotxes i gossos ja que vam anar per Can Canonge.<\/p>\n<p>Vam arribar molts cansats per\u00f2 ens ho vam passar molt b\u00e9!!<\/p>\n<p>Els nens i les nenes de 2n<\/p>\n<p><a href=\"https:\/\/photos.app.goo.gl\/5yguCZTeSzs3uTsYA\"><img loading=\"lazy\" decoding=\"async\" class=\"aligncenter\" src=\"https:\/\/lh3.googleusercontent.com\/pw\/ADCreHcHDOIKdIUCGotJUm2SU0L5ZdR7fv9ft0ci3kiZCsDAimDPKdkY1ldiM3UUmT8c7Nomd45lJ2LChHtqmgFHAvBMddNPU21mRJMtCGBD01uYRGJWeLg_dXJWj2TXPEtaVaFSOkg_gmMOf9LCtu_N9rmAhZGjFUL-FiwipgbeSGpqQAL4C3j-S__J62DdY1dyT_EZlOGmTNuFVsOfYN2-O74RO1BRWSN5dd9CxWhDpHuQS9dAnWJY1ZgJdredeKxiQElTtCTGKSOEyjKMlUnFSPjR8W4r0KXEp4dSBpanOhEIh9REbdFIIst-D95Yqh0Lc30UXypI7twBqEPs0n1dHzdr7RZ1bgeRq94yIhmIYMAplnkxICtqfLVv7pPtyEV44rKYE3L51hRMx3ROnVg4BFO8mo4Sdq-xtHVQJTWaQS6nB_6LDRx5zfGg-GhXGUYrncEs0nuK0p1CSOWXMzH4Fnb60JCxkCfQUHu5BudIWlvPZb0j0tmbtZ5hhfRuayudmzz5_q_65TB-qJ5NzST6kqkeX7YMDeKkHl9kcBeiqq0HVscvoIkHYm7hLi-FkOaGoHrkqODQ2np3FRLYMw2l45ezMVhezAlLXBNWzX1DZDeMizJ2vz-ug6BGmt97O3VO3MZdVwuwKyfqlJEJ3rraDELLWy38fqVlDb_Oh5UuZPgUz3s3G-5qDdWVPAH7q8nA2egQSHGQ6-3YxQgBYSihElNz6vXJtw2mIMMoYIgUpQ4oPNE6FHB2ztWsrBfzuMBiAkmF_Stc8Sfcuuoy5M6hm-vdnNRwfO1i2wY708l4eCQdv31aYXURFwB1druzHwj--jPNW6dNFq-f2Pbsy-iLDVp4yok8uec5EDVUHWXZ_pU9L_iaO_tbLGIJjVbqpHDksohhWVphIicDAVc8zCHgGNKb89vOhepr_PetkKEvl8AxkoZl5x5UyY-pMnpyEw=w2283-h1713-s-no?authuser=2\" width=\"306\" height=\"230\" \/><\/a><\/p>\n","protected":false},"excerpt":{"rendered":"<p>Hola papis i mamis,<br \/>\nCom ja sabeu el passat 18 de setembre vam anar d&#8217;excursi\u00f3 a Can Llopart. Per arribar-hi vam anar per la muntanya, hem vist molts arbres silvestres i vam veure un arbre que li havien tret l&#8217;escor\u00e7a. Quan vam arribar, vam esmorzar i&hellip;  <a href=\"https:\/\/agora.xtec.cat\/ceipsab\/primaria\/cicle-inicial\/2n\/sortida-can-llopart\/\" title=\"Read SORTIDA CAN LLOPART\">Llegeix m\u00e9s\u00bb<\/a><\/p>\n","protected":false},"author":14,"featured_media":0,"comment_status":"open","ping_status":"closed","sticky":false,"template":"","format":"standard","meta":{"_bbp_topic_count":0,"_bbp_reply_count":0,"_bbp_total_topic_count":0,"_bbp_total_reply_count":0,"_bbp_voice_count":0,"_bbp_anonymous_reply_count":0,"_bbp_topic_count_hidden":0,"_bbp_reply_count_hidden":0,"_bbp_forum_subforum_count":0,"footnotes":""},"categories":[11,63,66],"tags":[],"class_list":["post-10692","post","type-post","status-publish","format-standard","hentry","category-2n","category-cicle-inicial","category-educacio-fisica"],"post_mailing_queue_ids":[],"_links":{"self":[{"href":"https:\/\/agora.xtec.cat\/ceipsab\/wp-json\/wp\/v2\/posts\/10692","targetHints":{"allow":["GET"]}}],"collection":[{"href":"https:\/\/agora.xtec.cat\/ceipsab\/wp-json\/wp\/v2\/posts"}],"about":[{"href":"https:\/\/agora.xtec.cat\/ceipsab\/wp-json\/wp\/v2\/types\/post"}],"author":[{"embeddable":true,"href":"https:\/\/agora.xtec.cat\/ceipsab\/wp-json\/wp\/v2\/users\/14"}],"replies":[{"embeddable":true,"href":"https:\/\/agora.xtec.cat\/ceipsab\/wp-json\/wp\/v2\/comments?post=10692"}],"version-history":[{"count":2,"href":"https:\/\/agora.xtec.cat\/ceipsab\/wp-json\/wp\/v2\/posts\/10692\/revisions"}],"predecessor-version":[{"id":10696,"href":"https:\/\/agora.xtec.cat\/ceipsab\/wp-json\/wp\/v2\/posts\/10692\/revisions\/10696"}],"wp:attachment":[{"href":"https:\/\/agora.xtec.cat\/ceipsab\/wp-json\/wp\/v2\/media?parent=10692"}],"wp:term":[{"taxonomy":"category","embeddable":true,"href":"https:\/\/agora.xtec.cat\/ceipsab\/wp-json\/wp\/v2\/categories?post=10692"},{"taxonomy":"post_tag","embeddable":true,"href":"https:\/\/agora.xtec.cat\/ceipsab\/wp-json\/wp\/v2\/tags?post=10692"}],"curies":[{"name":"wp","href":"https:\/\/api.w.org\/{rel}","templated":true}]}}