{"id":10680,"date":"2023-09-27T08:43:34","date_gmt":"2023-09-27T06:43:34","guid":{"rendered":"https:\/\/agora.xtec.cat\/ceipsab\/?p=10680"},"modified":"2023-09-27T08:44:51","modified_gmt":"2023-09-27T06:44:51","slug":"sortida-al-pi-tallat-3r","status":"publish","type":"post","link":"https:\/\/agora.xtec.cat\/ceipsab\/primaria\/sortida-al-pi-tallat-3r\/","title":{"rendered":"Sortida al Pi Tallat 3r"},"content":{"rendered":"<p>Benvolgudes fam\u00edlies!<\/p>\n<p>La setmana passada vam fer la primera sortida del curs, una excursi\u00f3 caminant al \u201cPi Tallat\u201d, la muntanya m\u00e9s alta de Sant Andreu de la Barca. Ens ho vam passar d&#8217;all\u00f2 m\u00e9s b\u00e9, aix\u00f2 s\u00ed, vam arribar molt cansats i cansades!<\/p>\n<p>Us deixem l\u2019enlla\u00e7 per poder accedir a veure les fotos d&#8217;aquell dia:<\/p>\n<p><a href=\"https:\/\/photos.app.goo.gl\/NAszPYdB8sAwaYag8\">https:\/\/photos.app.goo.gl\/NAszPYdB8sAwaYag8<\/a><\/p>\n<p>Tutores i tutor de 3r.<\/p>\n<p><a href=\"https:\/\/photos.app.goo.gl\/NAszPYdB8sAwaYag8\"><img loading=\"lazy\" decoding=\"async\" class=\"alignnone wp-image-10681\" src=\"https:\/\/agora.xtec.cat\/ceipsab\/wp-content\/uploads\/usu1011\/2023\/09\/IMG_5639.jpeg\" alt=\"\" width=\"332\" height=\"442\" srcset=\"https:\/\/agora.xtec.cat\/ceipsab\/wp-content\/uploads\/usu1011\/2023\/09\/IMG_5639.jpeg 514w, https:\/\/agora.xtec.cat\/ceipsab\/wp-content\/uploads\/usu1011\/2023\/09\/IMG_5639-225x300.jpeg 225w\" sizes=\"auto, (max-width: 332px) 100vw, 332px\" \/><\/a><\/p>\n<p>&nbsp;<\/p>\n","protected":false},"excerpt":{"rendered":"<p>Benvolgudes fam\u00edlies!<br \/>\nLa setmana passada vam fer la primera sortida del curs, una excursi\u00f3 caminant al \u201cPi Tallat\u201d, la muntanya m\u00e9s alta de Sant Andreu de la Barca. Ens ho vam passar d&#8217;all\u00f2 m\u00e9s b\u00e9, aix\u00f2 s\u00ed, vam arribar molt cansats i cansades!<br \/>\nUs deixem l\u2019enlla\u00e7 per&hellip;  <a href=\"https:\/\/agora.xtec.cat\/ceipsab\/primaria\/sortida-al-pi-tallat-3r\/\" title=\"Read Sortida al Pi Tallat 3r\">Llegeix m\u00e9s\u00bb<\/a><\/p>\n","protected":false},"author":1,"featured_media":0,"comment_status":"open","ping_status":"closed","sticky":false,"template":"","format":"standard","meta":{"_bbp_topic_count":0,"_bbp_reply_count":0,"_bbp_total_topic_count":0,"_bbp_total_reply_count":0,"_bbp_voice_count":0,"_bbp_anonymous_reply_count":0,"_bbp_topic_count_hidden":0,"_bbp_reply_count_hidden":0,"_bbp_forum_subforum_count":0,"footnotes":""},"categories":[12,64,5],"tags":[],"class_list":["post-10680","post","type-post","status-publish","format-standard","hentry","category-3r","category-cicle-mitja","category-primaria"],"post_mailing_queue_ids":[],"_links":{"self":[{"href":"https:\/\/agora.xtec.cat\/ceipsab\/wp-json\/wp\/v2\/posts\/10680","targetHints":{"allow":["GET"]}}],"collection":[{"href":"https:\/\/agora.xtec.cat\/ceipsab\/wp-json\/wp\/v2\/posts"}],"about":[{"href":"https:\/\/agora.xtec.cat\/ceipsab\/wp-json\/wp\/v2\/types\/post"}],"author":[{"embeddable":true,"href":"https:\/\/agora.xtec.cat\/ceipsab\/wp-json\/wp\/v2\/users\/1"}],"replies":[{"embeddable":true,"href":"https:\/\/agora.xtec.cat\/ceipsab\/wp-json\/wp\/v2\/comments?post=10680"}],"version-history":[{"count":1,"href":"https:\/\/agora.xtec.cat\/ceipsab\/wp-json\/wp\/v2\/posts\/10680\/revisions"}],"predecessor-version":[{"id":10682,"href":"https:\/\/agora.xtec.cat\/ceipsab\/wp-json\/wp\/v2\/posts\/10680\/revisions\/10682"}],"wp:attachment":[{"href":"https:\/\/agora.xtec.cat\/ceipsab\/wp-json\/wp\/v2\/media?parent=10680"}],"wp:term":[{"taxonomy":"category","embeddable":true,"href":"https:\/\/agora.xtec.cat\/ceipsab\/wp-json\/wp\/v2\/categories?post=10680"},{"taxonomy":"post_tag","embeddable":true,"href":"https:\/\/agora.xtec.cat\/ceipsab\/wp-json\/wp\/v2\/tags?post=10680"}],"curies":[{"name":"wp","href":"https:\/\/api.w.org\/{rel}","templated":true}]}}