{"id":10625,"date":"2023-06-30T10:15:17","date_gmt":"2023-06-30T08:15:17","guid":{"rendered":"https:\/\/agora.xtec.cat\/ceipsab\/?p=10625"},"modified":"2023-06-30T10:15:17","modified_gmt":"2023-06-30T08:15:17","slug":"i3-contacontes-familiar","status":"publish","type":"post","link":"https:\/\/agora.xtec.cat\/ceipsab\/educacio-infantil\/p3\/i3-contacontes-familiar\/","title":{"rendered":"I3 CONTACONTES FAMILIAR"},"content":{"rendered":"<p><span style=\"font-weight: 400\">Com ens agrada que vingueu a la nostra classe a explicar-nos contes. <\/span><\/p>\n<p><span style=\"font-weight: 400\">Els contes ens encanten, per\u00f2 si a m\u00e9s a m\u00e9s venen els nostres familiars a explicar-los, aquell dia estem radiants.\u00a0<\/span><\/p>\n<p>I3 A<\/p>\n<p>&nbsp;<\/p>\n<p><a href=\"https:\/\/photos.app.goo.gl\/pbkD7o4dJZxiKUoU6\"><img loading=\"lazy\" decoding=\"async\" class=\"alignnone wp-image-10627\" src=\"https:\/\/agora.xtec.cat\/ceipsab\/wp-content\/uploads\/usu1011\/2023\/06\/1-I3-A-CONTACONTES-1024x827.jpeg\" alt=\"\" width=\"292\" height=\"235\" srcset=\"https:\/\/agora.xtec.cat\/ceipsab\/wp-content\/uploads\/usu1011\/2023\/06\/1-I3-A-CONTACONTES-1024x827.jpeg 1024w, https:\/\/agora.xtec.cat\/ceipsab\/wp-content\/uploads\/usu1011\/2023\/06\/1-I3-A-CONTACONTES-300x242.jpeg 300w, https:\/\/agora.xtec.cat\/ceipsab\/wp-content\/uploads\/usu1011\/2023\/06\/1-I3-A-CONTACONTES-768x620.jpeg 768w, https:\/\/agora.xtec.cat\/ceipsab\/wp-content\/uploads\/usu1011\/2023\/06\/1-I3-A-CONTACONTES-1536x1241.jpeg 1536w, https:\/\/agora.xtec.cat\/ceipsab\/wp-content\/uploads\/usu1011\/2023\/06\/1-I3-A-CONTACONTES-2048x1654.jpeg 2048w\" sizes=\"auto, (max-width: 292px) 100vw, 292px\" \/><\/a><\/p>\n<p>I3 B<\/p>\n<p><a href=\"https:\/\/photos.app.goo.gl\/824uHJaTaZ3WHcMf7\"><img loading=\"lazy\" decoding=\"async\" class=\"alignnone wp-image-10629\" src=\"https:\/\/agora.xtec.cat\/ceipsab\/wp-content\/uploads\/usu1011\/2023\/06\/1-I3B-CONTACONTES-1024x849.jpg\" alt=\"\" width=\"295\" height=\"245\" srcset=\"https:\/\/agora.xtec.cat\/ceipsab\/wp-content\/uploads\/usu1011\/2023\/06\/1-I3B-CONTACONTES-1024x849.jpg 1024w, https:\/\/agora.xtec.cat\/ceipsab\/wp-content\/uploads\/usu1011\/2023\/06\/1-I3B-CONTACONTES-300x250.jpg 300w, https:\/\/agora.xtec.cat\/ceipsab\/wp-content\/uploads\/usu1011\/2023\/06\/1-I3B-CONTACONTES-768x637.jpg 768w, https:\/\/agora.xtec.cat\/ceipsab\/wp-content\/uploads\/usu1011\/2023\/06\/1-I3B-CONTACONTES-1536x1274.jpg 1536w, https:\/\/agora.xtec.cat\/ceipsab\/wp-content\/uploads\/usu1011\/2023\/06\/1-I3B-CONTACONTES-2048x1698.jpg 2048w\" sizes=\"auto, (max-width: 295px) 100vw, 295px\" \/><\/a><\/p>\n","protected":false},"excerpt":{"rendered":"<p>Com ens agrada que vingueu a la nostra classe a explicar-nos contes.<br \/>\nEls contes ens encanten, per\u00f2 si a m\u00e9s a m\u00e9s venen els nostres familiars a explicar-los, aquell dia estem radiants.\u00a0<br \/>\nI3 A<br \/>\n&nbsp;<br \/>\n<a href=\"https:\/\/photos.app.goo.gl\/pbkD7o4dJZxiKUoU6\"><\/a><br \/>\nI3 B<br \/>\n<a href=\"https:\/\/photos.app.goo.gl\/824uHJaTaZ3WHcMf7\"><\/a><\/p>\n","protected":false},"author":48,"featured_media":10626,"comment_status":"open","ping_status":"closed","sticky":false,"template":"","format":"standard","meta":{"_bbp_topic_count":0,"_bbp_reply_count":0,"_bbp_total_topic_count":0,"_bbp_total_reply_count":0,"_bbp_voice_count":0,"_bbp_anonymous_reply_count":0,"_bbp_topic_count_hidden":0,"_bbp_reply_count_hidden":0,"_bbp_forum_subforum_count":0,"footnotes":""},"categories":[62,3],"tags":[],"class_list":["post-10625","post","type-post","status-publish","format-standard","has-post-thumbnail","hentry","category-educacio-infantil","category-p3"],"post_mailing_queue_ids":[],"_links":{"self":[{"href":"https:\/\/agora.xtec.cat\/ceipsab\/wp-json\/wp\/v2\/posts\/10625","targetHints":{"allow":["GET"]}}],"collection":[{"href":"https:\/\/agora.xtec.cat\/ceipsab\/wp-json\/wp\/v2\/posts"}],"about":[{"href":"https:\/\/agora.xtec.cat\/ceipsab\/wp-json\/wp\/v2\/types\/post"}],"author":[{"embeddable":true,"href":"https:\/\/agora.xtec.cat\/ceipsab\/wp-json\/wp\/v2\/users\/48"}],"replies":[{"embeddable":true,"href":"https:\/\/agora.xtec.cat\/ceipsab\/wp-json\/wp\/v2\/comments?post=10625"}],"version-history":[{"count":1,"href":"https:\/\/agora.xtec.cat\/ceipsab\/wp-json\/wp\/v2\/posts\/10625\/revisions"}],"predecessor-version":[{"id":10630,"href":"https:\/\/agora.xtec.cat\/ceipsab\/wp-json\/wp\/v2\/posts\/10625\/revisions\/10630"}],"wp:featuredmedia":[{"embeddable":true,"href":"https:\/\/agora.xtec.cat\/ceipsab\/wp-json\/wp\/v2\/media\/10626"}],"wp:attachment":[{"href":"https:\/\/agora.xtec.cat\/ceipsab\/wp-json\/wp\/v2\/media?parent=10625"}],"wp:term":[{"taxonomy":"category","embeddable":true,"href":"https:\/\/agora.xtec.cat\/ceipsab\/wp-json\/wp\/v2\/categories?post=10625"},{"taxonomy":"post_tag","embeddable":true,"href":"https:\/\/agora.xtec.cat\/ceipsab\/wp-json\/wp\/v2\/tags?post=10625"}],"curies":[{"name":"wp","href":"https:\/\/api.w.org\/{rel}","templated":true}]}}